{"id":3494,"date":"2021-11-30T13:00:16","date_gmt":"2021-11-30T12:00:16","guid":{"rendered":"https:\/\/www.fundacionmanantial.org\/jornada-de-divulgacion-de-la-ley-8-2021-para-el-apoyo-a-las-personas-con-discapacidad\/"},"modified":"2021-11-30T13:00:16","modified_gmt":"2021-11-30T12:00:16","slug":"jornada-de-divulgacion-de-la-ley-8-2021-para-el-apoyo-a-las-personas-con-discapacidad","status":"publish","type":"post","link":"https:\/\/www.fundacionmanantial.org\/en\/jornada-de-divulgacion-de-la-ley-8-2021-para-el-apoyo-a-las-personas-con-discapacidad\/","title":{"rendered":"Jornada de divulgaci\u00f3n de la Ley 8\/2021 para el apoyo a las personas con discapacidad"},"content":{"rendered":"<p>Hoy se ha celebrado la <strong>&#8220;Jornada de divulgaci\u00f3n de la Ley 8\/2021 para el apoyo a las personas con discapacidad&#8221;<\/strong>, un acto online dirigido a profesionales que trabajan en el \u00e1mbito de la salud mental de la Comunidad de Madrid con el objetivo de actualizar conocimientos sobre la <strong>nueva <a href=\"https:\/\/www.boe.es\/eli\/es\/l\/2021\/06\/02\/8\/con\" rel=\"noopener\" target=\"_blank\">Ley 8\/2021<\/a><\/strong>, por la que <strong>se reforma la legislaci\u00f3n civil y procesal para el apoyo a las personas con discapacidad en el ejercicio de su capacidad jur\u00eddica<\/strong>, para conocer la implicaciones que tiene para los profesionales que trabajan con personas con problemas de salud mental.<\/p>\n<p>Bajo la coordinaci\u00f3n de <strong>Rosario San Rom\u00e1n Carbajo y Juli\u00e1n Rodriguez Quir\u00f3s<\/strong>, de la <a href=\"https:\/\/www.comunidad.madrid\/transparencia\/unidad-organizativa-responsable\/oficina-regional-coordinacion-salud-mental-y-adicciones\" rel=\"noopener\" target=\"_blank\">Oficina Regional de Coordinaci\u00f3n de Salud Mental y Adicciones<\/a>, <strong>Javier Pallares, director del Servicio de Apoyo a la Capacidad Jur\u00eddica de Fundaci\u00f3n Manantial<\/strong>, ha participado como experto en la segunda mesa de la jornada, titulada <strong>&#8220;De lo normativo a lo pr\u00e1ctico&#8221;<\/strong> en la que ha explicado c\u00f3mo elaborar un modelo de informe social para las medidas de apoyo.<\/p>\n<p>La nueva ley entr\u00f3 en vigor a principios de septiembre de este a\u00f1o y ha supuesto la <strong>supresi\u00f3n del procedimiento de incapacidad<\/strong>, que <strong>ha sustituido las figuras de tutela y curatela por un sistema de apoyo para el ejercicio de la capacidad jur\u00eddica<\/strong> que todas las personas tienen para ejercer sus derechos o asumir sus obligaciones como ciudadanos.<\/p>\n<p><strong>Noticias relacionadas<\/strong><\/p>\n<blockquote class=\"wp-embedded-content\" data-secret=\"meQgW6zgFy\"><p><a href=\"https:\/\/elastic-antonelli.5-250-189-237.plesk.page\/sala-de-prensa\/fundacion-manantial-pone-en-marcha-un-nuevo-servicio-de-apoyo\/\">Fundaci\u00f3n Manantial renueva su servicio de apoyo<\/a><\/p><\/blockquote>\n<p><iframe class=\"wp-embedded-content\" sandbox=\"allow-scripts\" security=\"restricted\" style=\"position: absolute; clip: rect(1px, 1px, 1px, 1px);\" title=\"\u00abFundaci\u00f3n Manantial renueva su servicio de apoyo\u00bb \u2014 Fundaci\u00f3n Manantial\" src=\"https:\/\/elastic-antonelli.5-250-189-237.plesk.page\/sala-de-prensa\/fundacion-manantial-pone-en-marcha-un-nuevo-servicio-de-apoyo\/embed\/#?secret=ySTnS8XeIV#?secret=meQgW6zgFy\" data-secret=\"meQgW6zgFy\" width=\"500\" height=\"282\" frameborder=\"0\" marginwidth=\"0\" marginheight=\"0\" scrolling=\"no\"><\/iframe><\/p>\n","protected":false},"excerpt":{"rendered":"<p>Hoy se ha celebrado la &#8220;Jornada de divulgaci\u00f3n de la Ley 8\/2021 para el apoyo a las personas con discapacidad&#8221;, un acto online dirigido a profesionales que trabajan en el \u00e1mbito de la salud mental de la Comunidad de Madrid con el objetivo de actualizar conocimientos sobre la nueva Ley 8\/2021, por la que se [&hellip;]<\/p>\n","protected":false},"author":1,"featured_media":3495,"comment_status":"closed","ping_status":"closed","sticky":false,"template":"","format":"standard","meta":{"_acf_changed":false,"give_campaign_id":0,"_seopress_robots_primary_cat":"","_seopress_titles_title":"","_seopress_titles_desc":"","_seopress_robots_index":"","footnotes":""},"categories":[34],"tags":[140,207,208,85,64,65,176],"class_list":["post-3494","post","type-post","status-publish","format-standard","has-post-thumbnail","hentry","category-noticias-fundacion-manantial","tag-apoyo","tag-curatela","tag-derechos","tag-fundacion-manantial","tag-recuperacion","tag-salud-mental","tag-tutela"],"acf":[],"_links":{"self":[{"href":"https:\/\/www.fundacionmanantial.org\/en\/wp-json\/wp\/v2\/posts\/3494","targetHints":{"allow":["GET"]}}],"collection":[{"href":"https:\/\/www.fundacionmanantial.org\/en\/wp-json\/wp\/v2\/posts"}],"about":[{"href":"https:\/\/www.fundacionmanantial.org\/en\/wp-json\/wp\/v2\/types\/post"}],"author":[{"embeddable":true,"href":"https:\/\/www.fundacionmanantial.org\/en\/wp-json\/wp\/v2\/users\/1"}],"replies":[{"embeddable":true,"href":"https:\/\/www.fundacionmanantial.org\/en\/wp-json\/wp\/v2\/comments?post=3494"}],"version-history":[{"count":0,"href":"https:\/\/www.fundacionmanantial.org\/en\/wp-json\/wp\/v2\/posts\/3494\/revisions"}],"wp:featuredmedia":[{"embeddable":true,"href":"https:\/\/www.fundacionmanantial.org\/en\/wp-json\/wp\/v2\/media\/3495"}],"wp:attachment":[{"href":"https:\/\/www.fundacionmanantial.org\/en\/wp-json\/wp\/v2\/media?parent=3494"}],"wp:term":[{"taxonomy":"category","embeddable":true,"href":"https:\/\/www.fundacionmanantial.org\/en\/wp-json\/wp\/v2\/categories?post=3494"},{"taxonomy":"post_tag","embeddable":true,"href":"https:\/\/www.fundacionmanantial.org\/en\/wp-json\/wp\/v2\/tags?post=3494"}],"curies":[{"name":"wp","href":"https:\/\/api.w.org\/{rel}","templated":true}]}}