{"id":3492,"date":"2021-12-23T08:20:20","date_gmt":"2021-12-23T07:20:20","guid":{"rendered":"https:\/\/www.fundacionmanantial.org\/janssen-colabora-con-el-programa-de-prevencion-del-aislamiento-y-soledad-no-deseada-en-la-comunidad-valenciana\/"},"modified":"2021-12-23T08:20:20","modified_gmt":"2021-12-23T07:20:20","slug":"janssen-colabora-con-el-programa-de-prevencion-del-aislamiento-y-soledad-no-deseada-en-la-comunidad-valenciana","status":"publish","type":"post","link":"https:\/\/www.fundacionmanantial.org\/en\/janssen-colabora-con-el-programa-de-prevencion-del-aislamiento-y-soledad-no-deseada-en-la-comunidad-valenciana\/","title":{"rendered":"Janssen colabora con el Programa de prevenci\u00f3n del aislamiento y soledad no deseada en la Comunidad Valenciana"},"content":{"rendered":"<p>El <strong>&#8220;Programa de prevenci\u00f3n del aislamiento y soledad no deseada&#8221;<\/strong> que Fundaci\u00f3n Manantial desarrolla en la <strong>Comunidad Valenciana<\/strong> tiene como objetivo <strong>prevenir y evitar el aislamiento, y atender la soledad no deseada en las personas con problemas de salud mental.<\/strong> Con ello, se pretende incidir en la <strong>mejora del bienestar emocional y la salud f\u00edsica y en un aumento del grado de autonom\u00eda y de participaci\u00f3n social de las personas con problemas de salud mental<\/strong> que se encuentren en situaci\u00f3n de aislamiento o que convivan con sentimientos de soledad no deseada.<\/p>\n<p>Los objetivos del programa, que cuenta con el patrocinio de <a href=\"https:\/\/www.janssen.com\/es\" rel=\"noopener\" target=\"_blank\"><strong>Janssen<\/strong><\/a>, se conseguir\u00e1n a trav\u00e9s de la puesta en marcha de un <strong>servicio de orientaci\u00f3n e informaci\u00f3n<\/strong> de los recursos disponibles, <strong>el acompa\u00f1amiento y la mediaci\u00f3n social, el fomento del voluntariado para desarrollar actividades comunitarias, la organizaci\u00f3n de encuentros y contacto con sus redes sociales<\/strong>, as\u00ed como la <strong>colaboraci\u00f3n con entidades del territorio.<\/strong><\/p>\n<p>El programa est\u00e1 dirigido a <strong>personas con problemas de salud mental que se encuentren en situaci\u00f3n de aislamiento y\/o soledad no deseada, o bien personas que est\u00e9n experimentando problemas de salud mental por primera vez y necesiten informaci\u00f3n y orientaci\u00f3n.<\/strong><\/p>\n<p>Podr\u00e1n acceder las personas de las poblaciones de <strong>Vila-real, Burriana, La Vilavella, La Vall d\u2019Uix\u00f3<\/strong>, pertenecientes al \u00e1rea de Salud de la Plana. Podr\u00e1n hacerlo de manera directa o por recomendaci\u00f3n de los Servicios Sociales Municipales, las Unidades de Salud Mental, el Hospital Provincial de Castell\u00f3n u otras entidades o centros que atiendan a personas con problemas de salud mental.<\/p>\n","protected":false},"excerpt":{"rendered":"<p>El &#8220;Programa de prevenci\u00f3n del aislamiento y soledad no deseada&#8221; que Fundaci\u00f3n Manantial desarrolla en la Comunidad Valenciana tiene como objetivo prevenir y evitar el aislamiento, y atender la soledad no deseada en las personas con problemas de salud mental. Con ello, se pretende incidir en la mejora del bienestar emocional y la salud f\u00edsica [&hellip;]<\/p>\n","protected":false},"author":1,"featured_media":3493,"comment_status":"closed","ping_status":"closed","sticky":false,"template":"","format":"standard","meta":{"_acf_changed":false,"give_campaign_id":0,"_seopress_robots_primary_cat":"","_seopress_titles_title":"","_seopress_titles_desc":"","_seopress_robots_index":"","footnotes":""},"categories":[34],"tags":[124,125,85,134,65,144],"class_list":["post-3492","post","type-post","status-publish","format-standard","has-post-thumbnail","hentry","category-noticias-fundacion-manantial","tag-comunidad","tag-comunidad-valenciana","tag-fundacion-manantial","tag-janssen","tag-salud-mental","tag-soledad"],"acf":[],"_links":{"self":[{"href":"https:\/\/www.fundacionmanantial.org\/en\/wp-json\/wp\/v2\/posts\/3492","targetHints":{"allow":["GET"]}}],"collection":[{"href":"https:\/\/www.fundacionmanantial.org\/en\/wp-json\/wp\/v2\/posts"}],"about":[{"href":"https:\/\/www.fundacionmanantial.org\/en\/wp-json\/wp\/v2\/types\/post"}],"author":[{"embeddable":true,"href":"https:\/\/www.fundacionmanantial.org\/en\/wp-json\/wp\/v2\/users\/1"}],"replies":[{"embeddable":true,"href":"https:\/\/www.fundacionmanantial.org\/en\/wp-json\/wp\/v2\/comments?post=3492"}],"version-history":[{"count":0,"href":"https:\/\/www.fundacionmanantial.org\/en\/wp-json\/wp\/v2\/posts\/3492\/revisions"}],"wp:featuredmedia":[{"embeddable":true,"href":"https:\/\/www.fundacionmanantial.org\/en\/wp-json\/wp\/v2\/media\/3493"}],"wp:attachment":[{"href":"https:\/\/www.fundacionmanantial.org\/en\/wp-json\/wp\/v2\/media?parent=3492"}],"wp:term":[{"taxonomy":"category","embeddable":true,"href":"https:\/\/www.fundacionmanantial.org\/en\/wp-json\/wp\/v2\/categories?post=3492"},{"taxonomy":"post_tag","embeddable":true,"href":"https:\/\/www.fundacionmanantial.org\/en\/wp-json\/wp\/v2\/tags?post=3492"}],"curies":[{"name":"wp","href":"https:\/\/api.w.org\/{rel}","templated":true}]}}