{"id":3488,"date":"2021-11-08T11:54:51","date_gmt":"2021-11-08T10:54:51","guid":{"rendered":"https:\/\/www.fundacionmanantial.org\/las-relaciones-interpersonales-son-esenciales-para-la-salud-mental\/"},"modified":"2021-11-08T11:54:51","modified_gmt":"2021-11-08T10:54:51","slug":"las-relaciones-interpersonales-son-esenciales-para-la-salud-mental","status":"publish","type":"post","link":"https:\/\/www.fundacionmanantial.org\/en\/las-relaciones-interpersonales-son-esenciales-para-la-salud-mental\/","title":{"rendered":"Las relaciones interpersonales son esenciales para la salud mental"},"content":{"rendered":"<p>Cuando hablamos de <strong>red en salud mental<\/strong> nos referimos a un conjunto de relaciones interpersonales que est\u00e1n sustentadas por la <strong>amistad, el trabajo, el parentesco o el ocio<\/strong>. Este tipo de redes son esenciales para cualquier persona, ya que sin un m\u00ednimo de relaciones personales con una cierta calidad puede resultar dif\u00edcil garantizar el bienestar. En este contexto, Fundaci\u00f3n Manantial ha celebrado la XVIII Jornada Anual \u2018Redes en Salud Mental: entre lo institucional y lo comunitario\u2019.<\/p>\n<p>La inauguraci\u00f3n ha corrido a cargo de <strong>Francisco Sardina<\/strong>, presidente del Patronato de la Fundaci\u00f3n Manantial; e <strong><a href=\"https:\/\/www.comunidad.madrid\/transparencia\/persona\/ignacio-tremino-gomez\" rel=\"noopener\" target=\"_blank\">Ignacio Tremi\u00f1o<\/a><\/strong>, director general de Atenci\u00f3n a Personas con Discapacidad de la consejer\u00eda de Familia, Juventud y Pol\u00edtica Social de la Comunidad de Madrid, qui\u00e9n ha destacado la importancia de desestigmatizar a las personas con problemas de salud mental.<\/p>\n<p>Durante su intervenci\u00f3n en la jornada <strong><a href=\"http:\/\/joseramonubieto.blogspot.com\/\" rel=\"noopener\" target=\"_blank\">Jos\u00e9 Ram\u00f3n Ubieto<\/a><\/strong>, psicoanalista, profesor de psicolog\u00eda de la Universitat Oberta Catalunya (UOC) y autor de \u201cEl mundo poscovid. Entre la presencia y o virtual\u201d, <strong>es imprescindible que existan redes para el cuidado de la salud mental, puesto que \u201cla normalidad no existe, es una ficci\u00f3n que sostenemos para reasegurarnos frente a lo que no funciona\u201d<\/strong>. Es por eso que \u201cpara encontrar un lugar a nuestra singularidad, que nos permita formar parte de una comunidad sin anonimato ni p\u00e9rdida de nuestros rasgos propios, <strong>es necesario \u2018inventar\u2019 una f\u00f3rmula que nos acoja\u201d<\/strong>. Sin embargo, debemos tener en cuenta que \u201cpueden surgir redes muy autosuficientes, cuando se miran demasiado a s\u00ed mismas y niegan el principio que las constituy\u00f3: la independencia del otro\u201d asegura Ubieto. <\/p>\n<p>Estas redes se constituyen \u201cpor <strong>la necesidad del ser humano de no afrontar solo las transformaciones que implica la vida, como la adolescencia, las rupturas de pareja, las innovaciones tecnol\u00f3gicas o los procesos migratorios\u201d<\/strong> y quienes participan \u201cson conscientes de su vulnerabilidad y de los beneficios que pueden obtener si arriesgan a colaborar con otros\u201d, explica el psicoanalista.<\/p>\n<p>Del mismo modo, para Ubieto: <strong>\u201ca veces, las propias redes son ellas mismas excluyentes, al mantener a las personas en circuitos tan especializados que nada tienen que ver con la vida real\u201d<\/strong>. Esto es resultado de \u201cuna red completa y omnividente que genera un funcionamiento endog\u00e1mico y que tiende a excluir al que no acepta esa homogeneizaci\u00f3n\u201d.<\/p>\n<p>En este sentido, <strong>el trabajo en red efectivo trata de \u201cproducir algo nuevo a partir de lo ya existente, teniendo en cuenta la dimensi\u00f3n colectiva \u2013salud mental, violencia o precariedad social\u2013 y la dimensi\u00f3n individual \u2013decisiones o consentimiento\u2013&#8221;<\/strong>. Adem\u00e1s, desempe\u00f1an un papel importante, ya que permiten ser m\u00e1s eficientes al mismo tiempo que se consiguen los m\u00e1ximos objetivos comunes. <\/p>\n<p>Para alcanzar estos objetivos se exige \u201cconstancia, regularidad, presencia del cuerpo y apertura al enigma y la sorpresa. En definitiva, <strong>se busca mejorar la vida de las personas con problemas de salud mental<\/strong>\u201d, puntualiza Ubieto.<\/p>\n<p><strong>Redes institucionales para el bienestar de la salud mental<\/strong><\/p>\n<p>Para asegurar un bienestar en la salud mental, las redes institucionales tienen un papel fundamental, afirma <strong><a href=\"https:\/\/twitter.com\/jseguradelpozo?ref_src=twsrc%5Egoogle%7Ctwcamp%5Eserp%7Ctwgr%5Eauthor\" rel=\"noopener\" target=\"_blank\">Javier Segura<\/a><\/strong>, especialista en Medicina Familiar y Comunitaria. Vicepresidente de la Asociaci\u00f3n Madrile\u00f1a de Salud P\u00fablica (AMaSaP). <strong>\u201cLas redes institucionales funcionan con din\u00e1micas jer\u00e1rquicas, burocr\u00e1ticas e interpersonales, lo que podr\u00eda parecer que va en detrimento de lo que se entiende por red\u201d<\/strong>. Seg\u00fan este experto, esto no tendr\u00eda por qu\u00e9 ser as\u00ed, ya que \u201clas redes institucionales pueden ser una oportunidad para articular otras redes dispersas, m\u00e1s peque\u00f1as y deslocalizadas y as\u00ed unir fuerzas y sinergias\u201d.<\/p>\n<p>La Jornada tambi\u00e9n ha contado con la presencia de <strong><a href=\"https:\/\/es.linkedin.com\/in\/antonio-gallego-a425a772\" rel=\"noopener\" target=\"_blank\">Antonio Gallego<\/a><\/strong>, director del \u00c1rea Social del Ayuntamiento de Parla; <strong><a href=\"https:\/\/es.linkedin.com\/in\/daniel-gil-martorell-b9440534\" rel=\"noopener\" target=\"_blank\">Daniel Gil<\/a><\/strong>, jefe de Servicio de Trabajo Social del Hospital Puerta de Hierro (Majadahonda); <strong><a href=\"https:\/\/es.linkedin.com\/in\/mercedes-nav%C3%ADo-acosta-36898850\" rel=\"noopener\" target=\"_blank\">Mercedes Nav\u00edo<\/a><\/strong>, coordinadora de la Oficina Regional de Salud Mental del Servicio Madrile\u00f1o de Salud, y <strong><a href=\"https:\/\/es.linkedin.com\/in\/abelardo-rodriguez-gonzalez-a545a758\" rel=\"noopener\" target=\"_blank\">Abelardo Rodr\u00edguez<\/a><\/strong>, coordinador de la Red de Atenci\u00f3n Social a personas con enfermedad mental de la <a href=\"https:\/\/www.comunidad.madrid\/transparencia\/unidad-organizativa-responsable\/consejeria-familia-juventud-y-politica-social\" rel=\"noopener\" target=\"_blank\">Consejer\u00eda de Familia, Juventud y Pol\u00edtica Social<\/a> de la Comunidad de Madrid, que han dialogado sobre redes institucionales de atenci\u00f3n a la salud mental\u201d.<\/p>\n<p>Por su parte, <strong><a href=\"https:\/\/twitter.com\/marcosgcm\" rel=\"noopener\" target=\"_blank\">Marcos Garc\u00eda Crist\u00f3bal<\/a><\/strong>, director de <a href=\"https:\/\/www.medialab-matadero.es\/\" rel=\"noopener\" target=\"_blank\">Medialab<\/a> Prado hasta 2021 y miembro del equipo de coordinaci\u00f3n de la Red de laboratorios ciudadanos de la Comunidad de Madrid, ha hablado de la capacidad transformadora de las personas y las comunidades, y ha explicado qu\u00e9 es un <strong>laboratorio ciudadano<\/strong> y sus posibilidades: \u201cun espacio de puesta en com\u00fan de ideas, un espacio de tolerancia al error, un espacio donde construir una nueva comunidad, construir v\u00ednculos. Son la base de redes de apoyo mutuo, claves para la vida&#8221;.<\/p>\n<p>La \u00faltima mesa de di\u00e1logo, titulada \u201cEl cuidado de la salud mental en las redes comunitarias\u201d y moderada por <strong><a href=\"https:\/\/twitter.com\/JavierIbanyez\" rel=\"noopener\" target=\"_blank\">Javier Ib\u00e1\u00f1ez<\/a><\/strong>, t\u00e9cnico de Innovaci\u00f3n Social en <a href=\"https:\/\/www.lasnaves.com\/?lang=es\" rel=\"noopener\" target=\"_blank\">Las Naves del Centre d\u2019Innovaci\u00f3 de Valencia<\/a>, ha contado con la participaci\u00f3n de <strong><a href=\"https:\/\/es.linkedin.com\/in\/sandra-candelas-tejada-b66a30100\" rel=\"noopener\" target=\"_blank\">Sandra Candelas<\/a><\/strong>, t\u00e9cnica de Proyectos de Trabajo Comunitario y Formaci\u00f3n en <a href=\"https:\/\/equipoandecha.org\/\" rel=\"noopener\" target=\"_blank\">Equipo Andecha<\/a>; <strong><a href=\"https:\/\/twitter.com\/hernansampietro\" rel=\"noopener\" target=\"_blank\">Hern\u00e1n Sampietro<\/a><\/strong>, psic\u00f3logo social y coordinador de Proyectos en <a href=\"https:\/\/activament.org\/es\/\" rel=\"noopener\" target=\"_blank\">ActivaMent<\/a>; <strong><a href=\"https:\/\/twitter.com\/JaraCubillo?ref_src=twsrc%5Egoogle%7Ctwcamp%5Eserp%7Ctwgr%5Eauthor\" rel=\"noopener\" target=\"_blank\">Jara Cubillo<\/a><\/strong>, m\u00e9dica de familia y comunitaria en el \u00c1rea de Promoci\u00f3n de la Salud y Equidad del <a href=\"https:\/\/www.mscbs.gob.es\/\" rel=\"noopener\" target=\"_blank\">Ministerio de Sanidad<\/a>, y <strong><a href=\"https:\/\/es.linkedin.com\/in\/jorge-hermida-fuertes-60926858\" rel=\"noopener\" target=\"_blank\">Jorge Hermida<\/a><\/strong>, director de la <a href=\"https:\/\/www.coordinadora.org.es\/\" rel=\"noopener\" target=\"_blank\">Coordinadora Infantil y Juvenil Vallecas<\/a>.<\/p>\n<p><a href=\"https:\/\/manantial2021.webcastlive.es\/\" rel=\"noopener\" target=\"_blank\">Ver v\u00eddeo completo de la Jornada<\/a><span data-mce-type=\"bookmark\" style=\"display: inline-block; width: 0px; overflow: hidden; line-height: 0;\" class=\"mce_SELRES_start\">\ufeff<\/span><\/p>\n<p><a href=\"https:\/\/elastic-antonelli.5-250-189-237.plesk.page\/\/wp-content\/uploads\/2021\/11\/FundacionManantial_Informe-XVIII-Jornada-Anual-CaixaForum_-nov-2021.pdf\" rel=\"noopener\" target=\"_blank\">Ver todos los impactos de la Jornada en redes sociales y medios de comunicaci\u00f3n<\/a><\/p>\n<p>Fotograf\u00edas: Rafael Mu\u00f1oz y Vicente Aguilera (<a href=\"https:\/\/www.imagenenaccion.org\/\" rel=\"noopener\" target=\"_blank\">Imagen en Acci\u00f3n<\/a>)<\/p>\n","protected":false},"excerpt":{"rendered":"<p>Cuando hablamos de red en salud mental nos referimos a un conjunto de relaciones interpersonales que est\u00e1n sustentadas por la amistad, el trabajo, el parentesco o el ocio. Este tipo de redes son esenciales para cualquier persona, ya que sin un m\u00ednimo de relaciones personales con una cierta calidad puede resultar dif\u00edcil garantizar el bienestar. [&hellip;]<\/p>\n","protected":false},"author":1,"featured_media":3489,"comment_status":"closed","ping_status":"closed","sticky":false,"template":"","format":"standard","meta":{"_acf_changed":false,"give_campaign_id":0,"_seopress_robots_primary_cat":"","_seopress_titles_title":"","_seopress_titles_desc":"","_seopress_robots_index":"","footnotes":""},"categories":[34],"tags":[],"class_list":["post-3488","post","type-post","status-publish","format-standard","has-post-thumbnail","hentry","category-noticias-fundacion-manantial"],"acf":[],"_links":{"self":[{"href":"https:\/\/www.fundacionmanantial.org\/en\/wp-json\/wp\/v2\/posts\/3488","targetHints":{"allow":["GET"]}}],"collection":[{"href":"https:\/\/www.fundacionmanantial.org\/en\/wp-json\/wp\/v2\/posts"}],"about":[{"href":"https:\/\/www.fundacionmanantial.org\/en\/wp-json\/wp\/v2\/types\/post"}],"author":[{"embeddable":true,"href":"https:\/\/www.fundacionmanantial.org\/en\/wp-json\/wp\/v2\/users\/1"}],"replies":[{"embeddable":true,"href":"https:\/\/www.fundacionmanantial.org\/en\/wp-json\/wp\/v2\/comments?post=3488"}],"version-history":[{"count":0,"href":"https:\/\/www.fundacionmanantial.org\/en\/wp-json\/wp\/v2\/posts\/3488\/revisions"}],"wp:featuredmedia":[{"embeddable":true,"href":"https:\/\/www.fundacionmanantial.org\/en\/wp-json\/wp\/v2\/media\/3489"}],"wp:attachment":[{"href":"https:\/\/www.fundacionmanantial.org\/en\/wp-json\/wp\/v2\/media?parent=3488"}],"wp:term":[{"taxonomy":"category","embeddable":true,"href":"https:\/\/www.fundacionmanantial.org\/en\/wp-json\/wp\/v2\/categories?post=3488"},{"taxonomy":"post_tag","embeddable":true,"href":"https:\/\/www.fundacionmanantial.org\/en\/wp-json\/wp\/v2\/tags?post=3488"}],"curies":[{"name":"wp","href":"https:\/\/api.w.org\/{rel}","templated":true}]}}