{"id":3482,"date":"2021-10-21T11:19:39","date_gmt":"2021-10-21T10:19:39","guid":{"rendered":"https:\/\/www.fundacionmanantial.org\/la-salud-mental-es-cosa-de-tods-campana-de-sensibilizacion-de-telefonica\/"},"modified":"2021-10-21T11:19:39","modified_gmt":"2021-10-21T10:19:39","slug":"la-salud-mental-es-cosa-de-tods-campana-de-sensibilizacion-de-telefonica","status":"publish","type":"post","link":"https:\/\/www.fundacionmanantial.org\/en\/la-salud-mental-es-cosa-de-tods-campana-de-sensibilizacion-de-telefonica\/","title":{"rendered":"&#8220;La salud mental es cosa de tod@s&#8221;: campa\u00f1a de sensibilizaci\u00f3n de Telef\u00f3nica"},"content":{"rendered":"<p>Con motivo del <strong>D\u00eda Mundial de la Salud Mental<\/strong> que se celebr\u00f3 el pasado 10 de octubre, desde el <a href=\"https:\/\/voluntarios.telefonica.com\/es\" rel=\"noopener\" target=\"_blank\"><strong>Programa de Voluntariado de Telef\u00f3nica<\/strong><\/a> quieren convertirse en altavoz para <strong>sensibilizar a la sociedad sobre la importancia de eliminar estereotipos y estigmas hacia las personas con problemas de salud mental<\/strong>.<\/p>\n<p>Por eso, han lanzado la <a href=\"https:\/\/voluntarios.telefonica.com\/es\/noticias\/landing-salud-mental\" rel=\"noopener\" target=\"_blank\">campa\u00f1a &#8220;La salud mental es cosa de tod@s&#8221;<\/a> en la que proponen varios retos a los participantes. Si alcanzan las 150 inscripciones, Fundaci\u00f3n Telef\u00f3nica colaborar\u00e1 en la financiaci\u00f3n del proyecto de prevenci\u00f3n <strong>\u201c<a href=\"https:\/\/elastic-antonelli.5-250-189-237.plesk.page\/casa-verde\/\" rel=\"noopener\" target=\"_blank\">Casa Verde<\/a>\u201d<\/strong> de Fundaci\u00f3n Manantial, que repercutir\u00e1 en el beneficio de al menos 360 personas de manera directa y muchas m\u00e1s de forma indirecta.<\/p>\n<p><a href=\"https:\/\/voluntarios.telefonica.com\/es\/noticias\/landing-salud-mental\" rel=\"noopener\" target=\"_blank\">En su web<\/a> recogen las <strong>cinco acciones con las que invitan a todo aquel que quiera participar a cuidar su salud mental, al mismo tiempo que visibiliza su propia experiencia. La quinta de estas acciones es un <strong>Foro de Salud Mental que se celebrar\u00e1 en streaming el pr\u00f3ximo 26 de octubre de 17:30 a 19:00h<\/strong> y que contar\u00e1 con la presencia de varios ponentes que ayudar\u00e1n a conocer un poco m\u00e1s esta realidad social y en el que habr\u00e1 un espacio para plantear ideas, dudas y opiniones. <\/p>\n<p>Entre los ponentes, est\u00e1n <strong>Vanessa Lebr\u00f3n<\/strong>, directora del Centro de D\u00eda y Equipo de Apoyo Social Comunitario &#8220;Parla&#8221; de Fundaci\u00f3n Manantial, que explicar\u00e1 qu\u00e9 es la salud mental, la realidad de las personas con trastorno mental y el rol de la sociedad al respecto; <strong>Silvia Garc\u00eda Esteban<\/strong>, formadora en salud mental desde la experiencia en primera persona y acompa\u00f1ante terap\u00e9utico, que dar\u00e1 la visi\u00f3n de la salud mental en primera persona y har\u00e1 un recorrido por aquellas actitudes y conductas que facilitan un cuidado de nuestra salud mental; <strong>Miriam Cano Motos<\/strong>, voluntaria de Fundaci\u00f3n Telef\u00f3nica, que contar\u00e1 su experiencia en voluntariado en Salud Mental, y <strong>Miguel D\u00edaz Carballeira<\/strong>, director del Servicio de Voluntariado y Ocio de Fundaci\u00f3n Manantial.<\/p>\n<p><a href=\"https:\/\/voluntarios.telefonica.com\/es\/noticias\/landing-salud-mental\" rel=\"noopener\" target=\"_blank\">Campa\u00f1a &#8220;La salud mental es cosa de tod@s&#8221;: inscripci\u00f3n en todas las acciones<\/a><\/p>\n<p><strong><a href=\"https:\/\/voluntarios.telefonica.com\/es\/actividades\/copia-de-participa-en-el-foro-de-salud-mental-streaming\" rel=\"noopener\" target=\"_blank\">Inscripci\u00f3n al Foro de Salud Mental<\/a><\/strong> (26 de octubre de 2021)<\/p>\n","protected":false},"excerpt":{"rendered":"<p>Con motivo del D\u00eda Mundial de la Salud Mental que se celebr\u00f3 el pasado 10 de octubre, desde el Programa de Voluntariado de Telef\u00f3nica quieren convertirse en altavoz para sensibilizar a la sociedad sobre la importancia de eliminar estereotipos y estigmas hacia las personas con problemas de salud mental. Por eso, han lanzado la campa\u00f1a [&hellip;]<\/p>\n","protected":false},"author":1,"featured_media":3483,"comment_status":"closed","ping_status":"closed","sticky":false,"template":"","format":"standard","meta":{"_acf_changed":false,"give_campaign_id":0,"_seopress_robots_primary_cat":"","_seopress_titles_title":"","_seopress_titles_desc":"","_seopress_robots_index":"","footnotes":""},"categories":[34],"tags":[],"class_list":["post-3482","post","type-post","status-publish","format-standard","has-post-thumbnail","hentry","category-noticias-fundacion-manantial"],"acf":[],"_links":{"self":[{"href":"https:\/\/www.fundacionmanantial.org\/en\/wp-json\/wp\/v2\/posts\/3482","targetHints":{"allow":["GET"]}}],"collection":[{"href":"https:\/\/www.fundacionmanantial.org\/en\/wp-json\/wp\/v2\/posts"}],"about":[{"href":"https:\/\/www.fundacionmanantial.org\/en\/wp-json\/wp\/v2\/types\/post"}],"author":[{"embeddable":true,"href":"https:\/\/www.fundacionmanantial.org\/en\/wp-json\/wp\/v2\/users\/1"}],"replies":[{"embeddable":true,"href":"https:\/\/www.fundacionmanantial.org\/en\/wp-json\/wp\/v2\/comments?post=3482"}],"version-history":[{"count":0,"href":"https:\/\/www.fundacionmanantial.org\/en\/wp-json\/wp\/v2\/posts\/3482\/revisions"}],"wp:featuredmedia":[{"embeddable":true,"href":"https:\/\/www.fundacionmanantial.org\/en\/wp-json\/wp\/v2\/media\/3483"}],"wp:attachment":[{"href":"https:\/\/www.fundacionmanantial.org\/en\/wp-json\/wp\/v2\/media?parent=3482"}],"wp:term":[{"taxonomy":"category","embeddable":true,"href":"https:\/\/www.fundacionmanantial.org\/en\/wp-json\/wp\/v2\/categories?post=3482"},{"taxonomy":"post_tag","embeddable":true,"href":"https:\/\/www.fundacionmanantial.org\/en\/wp-json\/wp\/v2\/tags?post=3482"}],"curies":[{"name":"wp","href":"https:\/\/api.w.org\/{rel}","templated":true}]}}