{"id":3480,"date":"2021-10-21T09:45:54","date_gmt":"2021-10-21T08:45:54","guid":{"rendered":"https:\/\/www.fundacionmanantial.org\/fundacion-manantial-comprometida-con-la-inclusion-laboral-de-las-personas-con-problemas-de-salud-mental\/"},"modified":"2021-10-21T09:45:54","modified_gmt":"2021-10-21T08:45:54","slug":"fundacion-manantial-comprometida-con-la-inclusion-laboral-de-las-personas-con-problemas-de-salud-mental","status":"publish","type":"post","link":"https:\/\/www.fundacionmanantial.org\/en\/fundacion-manantial-comprometida-con-la-inclusion-laboral-de-las-personas-con-problemas-de-salud-mental\/","title":{"rendered":"Fundaci\u00f3n Manantial, comprometida con la inclusi\u00f3n laboral de las personas con problemas de salud mental"},"content":{"rendered":"<p>Debido a un <strong>mercado laboral marcado por la exigencia de las empresas y la carencia de modelos inclusivos para las personas con problemas de salud mental<\/strong>, hace que sea especialmente dif\u00edcil la b\u00fasqueda de trabajo para este colectivo. <strong>La tasa de empleo se sit\u00faa en un 16,9%<\/strong>, frente al 66,99% del resto de poblaci\u00f3n general. A la dificultad de encontrar un empleo, se suma las <strong>experiencias dif\u00edciles en el entorno laboral<\/strong> que condicionan, en gran medida, el bienestar de las personas con problemas de salud mental, ya que suelen ser m\u00e1s vulnerables ante este tipo de situaciones.<\/p>\n<p>En este contexto, Fundaci\u00f3n Manantial ha organizado la <strong>Jornada \u2018Empleo y Salud Mental\u2019<\/strong>, con el objetivo de <strong>promover la plena inclusi\u00f3n en el \u00e1mbito laboral para este perfil de trabajadores y trabajadoras<\/strong>.<\/p>\n<p>La jornada ha reunido a <strong>expertos de la salud mental, profesionales de la inserci\u00f3n laboral, as\u00ed como a representantes de la Administraci\u00f3n P\u00fablica<\/strong>. En este sentido, <strong><a href=\"https:\/\/www.gva.es\/es\/web\/la-generalitat\/inicio\/la_administracion_valenciana\/lav_org_gobierno_val\/vicepresidencia-i-conselleria-d-igualtat-i-politiques-inclusives\" rel=\"noopener\" target=\"_blank\">M\u00f3nica Oltra<\/a>, vicepresidenta y consejera de Igualdad y Pol\u00edticas Inclusivas de la Generalitat Valenciana<\/strong>, considera que <strong>\u201ces muy importante tener acceso a una vivienda y a un empleo digno para poder construir un proyecto de vida\u201d<\/strong>.<\/p>\n<p>Del mismo modo, <strong>Sonia Carral\u00f3n, directora del \u00c1rea T\u00e9cnica de Empleo de Fundaci\u00f3n Manantial<\/strong>, asegura: \u201cPara la Fundaci\u00f3n <strong>es prioritario revertir el 85% de desempleo que existe entre las personas con problemas de salud mental, dado que tener un empleo nos aporta a todos sentido, bienestar, subjetividad e identidad adem\u00e1s de frenar el riesgo de exclusi\u00f3n social al que est\u00e1n expuestos\u201d<\/strong>. <\/p>\n<p>Es por esto que <strong>Fundaci\u00f3n Manantial trabaja para cambiar este paradigma en el \u00e1mbito laboral y desarrollar un nuevo concepto de empresa y relaciones laborales donde el lugar de trabajo sea un lugar de desarrollo personal<\/strong>. Para <strong>Francisco Sardina, presidente del Patronato de Fundaci\u00f3n Manantial<\/strong>, \u201cUno de nuestros objetivos es <strong>mejorar el empleo de las personas con un problema de salud mental grave y que todas ellas tengan acceso y no sufran estigma, eliminando formas de tratamiento da\u00f1inas y poco amables\u201d<\/strong>.  <\/p>\n<p>En este sentido, \u201c<strong>mientras no se produzca un proceso de transformaci\u00f3n social y empresarial, donde haya una pr\u00e1ctica inclusiva y se generen empleos amables para el colectivo de personas con problemas de salud mental, Fundaci\u00f3n Manantial seguir\u00e1 apostando por la generaci\u00f3n de empleo protegido,<\/strong> como alternativa temporal y paso previo a sectores ordinarios de empleo, o como alternativa definitiva de empleo para quienes as\u00ed lo consideren\u201d, explica Carral\u00f3n.<\/p>\n<p>En la jornada tambi\u00e9n han participado ponentes de renombre como <strong><a href=\"https:\/\/gvaoberta.gva.es\/es\/ficha-alto-cargo?articleId=162127385\" rel=\"noopener\" target=\"_blank\">Roc\u00edo Briones<\/a><\/strong>, directora general de empleo y formaci\u00f3n de LABORA; <a href=\"https:\/\/gvaoberta.gva.es\/es\/ficha-alto-cargo?articleId=169300819\" rel=\"noopener\" target=\"_blank\">Elena Albert<\/a>, directora general de Diversidad Funcional y Salud Mental; <a href=\"https:\/\/gvaoberta.gva.es\/es\/ficha-alto-cargo?articleId=168465084\" rel=\"noopener\" target=\"_blank\"><strong>Teresa Garc\u00eda<\/strong><\/a>, directora general de Emprendimiento y Cooperativismo; <strong>Francesc de Paula<\/strong>, director del programa <a href=\"https:\/\/www.incorpora.org\/\" rel=\"noopener\" target=\"_blank\">Incorpora de Fundaci\u00f3n \u00a8la Caixa\u00a8<\/a>; y <strong>Maribel Caballer<\/strong>, coordinadora del Programa Incorpora Salud Mental en la Comunidad Valenciana de Fundaci\u00f3n \u00a8la Caixa\u00a8. <\/strong><\/p>\n<p>Junto a ellos, han participado <strong> trabajadores de Manantial Vilamico y usuarios y usuarias de los programas de empleo<\/strong> que desarrolla Fundaci\u00f3n Manantial, los cuales han expresado la <strong>importancia que tiene para ellos tener un empleo, ya que les proporciona bienestar emocional y autonom\u00eda en su d\u00eda a d\u00eda.<\/strong><\/p>\n<p><strong>El compromiso y la labor de Fundaci\u00f3n Manantial en la Comunidad Valenciana<\/strong><br \/>\nDesde 2017, Fundaci\u00f3n Manantial desarrolla en la Comunidad Valenciana programas orientados a la mejora de la calidad de vida, la inclusi\u00f3n sociolaboral y la participaci\u00f3n en la comunidad de personas con problemas de salud mental. Uno de los proyectos de econom\u00eda social es <strong><a href=\"https:\/\/manantialvilamico.org\/\" rel=\"noopener\" target=\"_blank\">Manantial Vilamico<\/a><\/strong>, dedicado a la producci\u00f3n de champi\u00f1\u00f3n que tiene entre sus objetivos la <strong>creaci\u00f3n de puestos de trabajo para personas con problemas de salud mental<\/strong>, de hecho, son m\u00e1s del 90% de la plantilla.<\/p>\n<p>Desde la entidad defienden que <strong>el trabajo es un derecho al que deber\u00edan acceder todas las personas<\/strong>: \u201cPara los trabajadores de Manantial Vilamico, el empleo es una forma de mejorar sus condiciones de vida y tambi\u00e9n de sentirse ciudadanos \u00fatiles a la sociedad, abandonando de este modo de manera efectiva el rol de &#8216;enfermo mental&#8217;, que tanto estigma social produce&#8221;.<\/p>\n<p>Otros de los proyectos que ha desarrollado Manantial en la Comunidad es el <strong>Centro Especial de Empleo \u201cManantial Integra\u201d<\/strong>, que en los ocho a\u00f1os que lleva funcionando cuenta con una plantilla de casi <strong>300 trabajadores\/as, entre la Comunidad Valenciana y la Comunidad de Madrid<\/strong>, de los cuales, el 92,6 % son personas con problemas de salud mental. Este proyecto ha generado empleo estable, en siete sectores profesionales: hosteler\u00eda, limpieza-lavander\u00eda, servicios administrativos, nuevas tecnolog\u00edas, mantenimiento, jardiner\u00eda y manipulado secundario farmac\u00e9utico.<\/p>\n<p>Adem\u00e1s, gestiona siete <strong>centros y servicios de la Red de Apoyo Social para la Recuperaci\u00f3n e inclusi\u00f3n Social de las personas con trastorno mental grave<\/strong>: un Centro de Rehabilitaci\u00f3n e Integraci\u00f3n Social CRIS; una residencia (CEEM) y una vivienda supervisada en Vila-real (Castell\u00f3n); un CRIS y un Centro de D\u00eda en Carcaixent (Valencia) y una vivienda supervisada en La Vall d&#8217;Uix\u00f3 (Castell\u00f3n). Asimismo, Fundaci\u00f3n Manantial cuenta con un programa de promoci\u00f3n de la autonom\u00eda personal de adultos protegidos de la Generalitat Valenciana y un programa de itinerarios laborales puesto en marcha en el marco del Programa Operativo del Fondo Social Europeo 2014-2020 a trav\u00e9s de la Conselleria de Igualdad y Pol\u00edticas Inclusivas.<\/p>\n<p><iframe width=\"560\" height=\"315\" src=\"https:\/\/www.youtube.com\/embed\/EQ091IxKI2o\" title=\"YouTube video player\" frameborder=\"0\" allow=\"accelerometer; autoplay; clipboard-write; encrypted-media; gyroscope; picture-in-picture\" allowfullscreen><\/iframe><\/p>\n<p><a href=\"https:\/\/elastic-antonelli.5-250-189-237.plesk.page\/sala-de-prensa\/jornada-empleo-y-salud-mental-valencia-20-10-2021\/\" rel=\"noopener\" target=\"_blank\">La Jornada completa en v\u00eddeo<\/a><\/p>\n<p><a href=\"https:\/\/elastic-antonelli.5-250-189-237.plesk.page\/sala-de-prensa\/jornada-empleo-y-salud-mental-en-los-medios\/\" rel=\"noopener\" target=\"_blank\">Ver impactos de la Jornada en medios de comunicaci\u00f3n y redes sociales<\/a><\/p>\n<p>Fotograf\u00edas: Federico Ricca (<a href=\"https:\/\/www.imagenenaccion.org\/\" rel=\"noopener\" target=\"_blank\">Imagen en Acci\u00f3n<\/a>)<\/p>\n","protected":false},"excerpt":{"rendered":"<p>Debido a un mercado laboral marcado por la exigencia de las empresas y la carencia de modelos inclusivos para las personas con problemas de salud mental, hace que sea especialmente dif\u00edcil la b\u00fasqueda de trabajo para este colectivo. La tasa de empleo se sit\u00faa en un 16,9%, frente al 66,99% del resto de poblaci\u00f3n general. [&hellip;]<\/p>\n","protected":false},"author":1,"featured_media":3481,"comment_status":"closed","ping_status":"closed","sticky":false,"template":"","format":"standard","meta":{"_acf_changed":false,"give_campaign_id":0,"_seopress_robots_primary_cat":"","_seopress_titles_title":"","_seopress_titles_desc":"","_seopress_robots_index":"","footnotes":""},"categories":[34],"tags":[],"class_list":["post-3480","post","type-post","status-publish","format-standard","has-post-thumbnail","hentry","category-noticias-fundacion-manantial"],"acf":[],"_links":{"self":[{"href":"https:\/\/www.fundacionmanantial.org\/en\/wp-json\/wp\/v2\/posts\/3480","targetHints":{"allow":["GET"]}}],"collection":[{"href":"https:\/\/www.fundacionmanantial.org\/en\/wp-json\/wp\/v2\/posts"}],"about":[{"href":"https:\/\/www.fundacionmanantial.org\/en\/wp-json\/wp\/v2\/types\/post"}],"author":[{"embeddable":true,"href":"https:\/\/www.fundacionmanantial.org\/en\/wp-json\/wp\/v2\/users\/1"}],"replies":[{"embeddable":true,"href":"https:\/\/www.fundacionmanantial.org\/en\/wp-json\/wp\/v2\/comments?post=3480"}],"version-history":[{"count":0,"href":"https:\/\/www.fundacionmanantial.org\/en\/wp-json\/wp\/v2\/posts\/3480\/revisions"}],"wp:featuredmedia":[{"embeddable":true,"href":"https:\/\/www.fundacionmanantial.org\/en\/wp-json\/wp\/v2\/media\/3481"}],"wp:attachment":[{"href":"https:\/\/www.fundacionmanantial.org\/en\/wp-json\/wp\/v2\/media?parent=3480"}],"wp:term":[{"taxonomy":"category","embeddable":true,"href":"https:\/\/www.fundacionmanantial.org\/en\/wp-json\/wp\/v2\/categories?post=3480"},{"taxonomy":"post_tag","embeddable":true,"href":"https:\/\/www.fundacionmanantial.org\/en\/wp-json\/wp\/v2\/tags?post=3480"}],"curies":[{"name":"wp","href":"https:\/\/api.w.org\/{rel}","templated":true}]}}