{"id":3478,"date":"2021-10-18T07:00:18","date_gmt":"2021-10-18T06:00:18","guid":{"rendered":"https:\/\/www.fundacionmanantial.org\/maternidad-y-salud-mental-casa-verde-en-de-seda-y-hierro-la-2\/"},"modified":"2021-10-18T07:00:18","modified_gmt":"2021-10-18T06:00:18","slug":"maternidad-y-salud-mental-casa-verde-en-de-seda-y-hierro-la-2","status":"publish","type":"post","link":"https:\/\/www.fundacionmanantial.org\/en\/maternidad-y-salud-mental-casa-verde-en-de-seda-y-hierro-la-2\/","title":{"rendered":"Maternidad y salud mental: Casa Verde en &#8220;De seda y hierro&#8221; (La 2)"},"content":{"rendered":"<p>&#8220;Mi maternidad es uno de los regalos que me estaba esperando en la vida, no hay cosa que me haga m\u00e1s feliz que ser madre&#8221;, afirma Silvia en el programa de <strong>La 2<\/strong> <a href=\"https:\/\/www.rtve.es\/play\/videos\/de-seda-y-hierro\/pequena-huella\/6130547\/\"><strong>&#8220;De seda y hierro&#8221;<\/strong><\/a>, que ha dedicado su cap\u00edtulo de este domingo a contar las historias de Mar\u00eda y Silvia, y lo que la maternidad ha supuesto para ellas.<\/p>\n<p>Mar\u00eda es madre de un ni\u00f1o con una enfermedad rara, S\u00edndrome de Joubert, y Silvia es madre con un problema de salud mental. &#8220;La maternidad me estabiliz\u00f3 y me ha dado un lugar en el mundo muy distinto al que ten\u00eda. A los 20 a\u00f1os decid\u00ed pedir ayuda y, desde entonces, la vida me ha cambiado mucho&#8221;.<\/p>\n<p>Silvia es activista, acompa\u00f1ante terap\u00e9utica y formadora en salud mental y, junto con el equipo de profesionales de <a href=\"https:\/\/elastic-antonelli.5-250-189-237.plesk.page\/casa-verde\/\" rel=\"noopener\" target=\"_blank\"><strong>Casa Verde<\/strong><\/a>,<strong> el programa de prevenci\u00f3n, apoyo y seguimiento para hijos e hijas de personas con problemas de salud mental o inestabilidad emocional de Fundaci\u00f3n Manantial<\/strong>, explican la importancia del apoyo y del v\u00ednculo en la maternidad.<\/p>\n<p>El relato de Silvia recuerda a <strong>Teresa Vallesp\u00edn<\/strong>, psic\u00f3loga de Casa Verde, una de las ideas centrales con las que trabajan en este programa: que &#8220;<strong>la maternidad es un viaje de amor, que lo que protege y lo que cura es el v\u00ednculo<\/strong>&#8220;. En esta misma l\u00ednea, <strong>Carlos Rodr\u00edguez<\/strong>, trabajador social, destaca &#8220;<strong>la importancia de que las madres de Casa Verde se sientan acompa\u00f1adas para poder acompa\u00f1ar<\/strong>&#8220;. <\/p>\n<p><strong>Casa Verde es un proyecto que apuesta por el derecho de las mujeres con problemas de salud mental a ejercer la maternidad con los apoyos profesionales necesarios<\/strong> y en el que el objetivo esencial de la intervenci\u00f3n es generar v\u00ednculos entre las madres, padres y sus ni\u00f1os\/as en los primeros a\u00f1os de vida mediante la terapia y el ocio. <strong>&#8220;Tener un problema de salud mental con una infancia traum\u00e1tica te hace saber c\u00f3mo cuidar al otro porque sabes lo que no se debe hacer con un ni\u00f1o y esa es una sabidur\u00eda que solo se aprende con esa experiencia si has sabido elaborarla. Yo he elaborado esa experiencia y ahora s\u00e9 cuidar mejor de mis hijas&#8221;<\/strong>, cuenta Silvia. Teresa Vallesp\u00edn muestra adem\u00e1s que esta elaboraci\u00f3n de su historia permite a las madres como Silvia <strong>&#8220;no repetir como madres la historia que tuvieron como hijas. Tener una oportunidad diferente&#8221;.<\/strong><\/p>\n<p>Para contar su historia, Silvia, que adem\u00e1s es mediadora de clubes de lectura para pacientes de salud mental, ha decidido escribir un libro con el que &#8220;seguir adelante sin tanto dolor&#8221; y reivindicar el derecho de las mujeres con problemas de salud mental a ser madres. &#8220;Para m\u00ed uno de los grandes \u00e9xitos de mi vida es <strong>saber que la cadena se ha roto y que mis hijas est\u00e1n libres de lo que yo he sufrido y eso es lo mejor para mi vida, saber que mi esfuerzo, mi dedicaci\u00f3n y mi cuidado han servido para que ellas tengan una vida en la que van a ser m\u00e1s felices que yo<\/strong>&#8220;.<\/p>\n<p><a href=\"https:\/\/www.rtve.es\/play\/videos\/de-seda-y-hierro\/pequena-huella\/6130547\/\" rel=\"noopener\" target=\"_blank\"><strong>Ver el programa completo<\/strong><\/a><\/p>\n","protected":false},"excerpt":{"rendered":"<p>&#8220;Mi maternidad es uno de los regalos que me estaba esperando en la vida, no hay cosa que me haga m\u00e1s feliz que ser madre&#8221;, afirma Silvia en el programa de La 2 &#8220;De seda y hierro&#8221;, que ha dedicado su cap\u00edtulo de este domingo a contar las historias de Mar\u00eda y Silvia, y lo [&hellip;]<\/p>\n","protected":false},"author":1,"featured_media":3479,"comment_status":"closed","ping_status":"closed","sticky":false,"template":"","format":"standard","meta":{"_acf_changed":false,"give_campaign_id":0,"_seopress_robots_primary_cat":"","_seopress_titles_title":"","_seopress_titles_desc":"","_seopress_robots_index":"","footnotes":""},"categories":[34],"tags":[],"class_list":["post-3478","post","type-post","status-publish","format-standard","has-post-thumbnail","hentry","category-noticias-fundacion-manantial"],"acf":[],"_links":{"self":[{"href":"https:\/\/www.fundacionmanantial.org\/en\/wp-json\/wp\/v2\/posts\/3478","targetHints":{"allow":["GET"]}}],"collection":[{"href":"https:\/\/www.fundacionmanantial.org\/en\/wp-json\/wp\/v2\/posts"}],"about":[{"href":"https:\/\/www.fundacionmanantial.org\/en\/wp-json\/wp\/v2\/types\/post"}],"author":[{"embeddable":true,"href":"https:\/\/www.fundacionmanantial.org\/en\/wp-json\/wp\/v2\/users\/1"}],"replies":[{"embeddable":true,"href":"https:\/\/www.fundacionmanantial.org\/en\/wp-json\/wp\/v2\/comments?post=3478"}],"version-history":[{"count":0,"href":"https:\/\/www.fundacionmanantial.org\/en\/wp-json\/wp\/v2\/posts\/3478\/revisions"}],"wp:featuredmedia":[{"embeddable":true,"href":"https:\/\/www.fundacionmanantial.org\/en\/wp-json\/wp\/v2\/media\/3479"}],"wp:attachment":[{"href":"https:\/\/www.fundacionmanantial.org\/en\/wp-json\/wp\/v2\/media?parent=3478"}],"wp:term":[{"taxonomy":"category","embeddable":true,"href":"https:\/\/www.fundacionmanantial.org\/en\/wp-json\/wp\/v2\/categories?post=3478"},{"taxonomy":"post_tag","embeddable":true,"href":"https:\/\/www.fundacionmanantial.org\/en\/wp-json\/wp\/v2\/tags?post=3478"}],"curies":[{"name":"wp","href":"https:\/\/api.w.org\/{rel}","templated":true}]}}