{"id":3417,"date":"2021-01-18T10:40:01","date_gmt":"2021-01-18T09:40:01","guid":{"rendered":"https:\/\/www.fundacionmanantial.org\/la-comunidad-de-madrid-apoya-el-programa-de-voluntariado-de-fundacion-manantial\/"},"modified":"2021-01-18T10:40:01","modified_gmt":"2021-01-18T09:40:01","slug":"la-comunidad-de-madrid-apoya-el-programa-de-voluntariado-de-fundacion-manantial","status":"publish","type":"post","link":"https:\/\/www.fundacionmanantial.org\/en\/la-comunidad-de-madrid-apoya-el-programa-de-voluntariado-de-fundacion-manantial\/","title":{"rendered":"La Comunidad de Madrid apoya el programa de Voluntariado de Fundaci\u00f3n Manantial"},"content":{"rendered":"<div class=\"gmail_default\">La <strong><a href=\"https:\/\/www.comunidad.madrid\/transparencia\/unidad-organizativa-responsable\/consejeria-politicas-sociales-familias-igualdad-y-natalidad\" target=\"_blank\" rel=\"noopener\">Consejer\u00eda de Pol\u00edticas Sociales, Familias, Igualdad y Natalidad<\/a><\/strong>\u00a0de la Comunidad de Madrid ha aprobado\u00a0la concesi\u00f3n de una subvenci\u00f3n por valor de 4000\u20ac\u00a0 a Fundaci\u00f3n Manantial para <strong>proyectos de voluntariado y proyectos de innovaci\u00f3n social\u00a0para el a\u00f1o 2020<\/strong> con el objetivo de\u00a0<strong>fomentar el\u00a0voluntariado<\/strong> social, cultural, deportivo y de cualquier otra \u00edndole, as\u00ed como el impulso de\u00a0la innovaci\u00f3n social y del emprendimiento social, la promoci\u00f3n de iniciativas de participaci\u00f3n, el impulso del desarrollo comunitario, la acci\u00f3n voluntaria, el tercer sector y la solidaridad organizada.<\/div>\n<div><\/div>\n<p>&nbsp;<\/p>\n<div class=\"gmail_default\">Esta subvenci\u00f3n forma parte del Presupuesto de Gastos\u00a0de la Comunidad de Madrid para el a\u00f1o 2020.<\/div>\n<div><\/div>\n<p>&nbsp;<\/p>\n<div><em>El <a href=\"https:\/\/elastic-antonelli.5-250-189-237.plesk.page\/voluntariado\/\" target=\"_blank\" rel=\"noopener\">programa de voluntariado<\/a>\u00a0de Fundaci\u00f3n Manantial cuenta con una amplia base social que refuerza la promoci\u00f3n de actividades de ocio, acompa\u00f1amientos, apoyo a talleres y acciones generales necesarias en centros y servicios. En 2020 colaboraron con la entidad 112 personas, cuya participaci\u00f3n fue esencialmente en formato virtual como consecuencia de la pandemia.<\/em><\/div>\n<div><\/div>\n","protected":false},"excerpt":{"rendered":"<p>La Consejer\u00eda de Pol\u00edticas Sociales, Familias, Igualdad y Natalidad\u00a0de la Comunidad de Madrid ha aprobado\u00a0la concesi\u00f3n de una subvenci\u00f3n por valor de 4000\u20ac\u00a0 a Fundaci\u00f3n Manantial para proyectos de voluntariado y proyectos de innovaci\u00f3n social\u00a0para el a\u00f1o 2020 con el objetivo de\u00a0fomentar el\u00a0voluntariado social, cultural, deportivo y de cualquier otra \u00edndole, as\u00ed como el impulso [&hellip;]<\/p>\n","protected":false},"author":1,"featured_media":3418,"comment_status":"closed","ping_status":"closed","sticky":false,"template":"","format":"standard","meta":{"_acf_changed":false,"give_campaign_id":0,"_seopress_robots_primary_cat":"","_seopress_titles_title":"","_seopress_titles_desc":"","_seopress_robots_index":"","footnotes":""},"categories":[34],"tags":[95,65,101,102,103],"class_list":["post-3417","post","type-post","status-publish","format-standard","has-post-thumbnail","hentry","category-noticias-fundacion-manantial","tag-comunidad-de-madrid","tag-salud-mental","tag-subvencion","tag-voluntariado","tag-voluntarios"],"acf":[],"_links":{"self":[{"href":"https:\/\/www.fundacionmanantial.org\/en\/wp-json\/wp\/v2\/posts\/3417","targetHints":{"allow":["GET"]}}],"collection":[{"href":"https:\/\/www.fundacionmanantial.org\/en\/wp-json\/wp\/v2\/posts"}],"about":[{"href":"https:\/\/www.fundacionmanantial.org\/en\/wp-json\/wp\/v2\/types\/post"}],"author":[{"embeddable":true,"href":"https:\/\/www.fundacionmanantial.org\/en\/wp-json\/wp\/v2\/users\/1"}],"replies":[{"embeddable":true,"href":"https:\/\/www.fundacionmanantial.org\/en\/wp-json\/wp\/v2\/comments?post=3417"}],"version-history":[{"count":0,"href":"https:\/\/www.fundacionmanantial.org\/en\/wp-json\/wp\/v2\/posts\/3417\/revisions"}],"wp:featuredmedia":[{"embeddable":true,"href":"https:\/\/www.fundacionmanantial.org\/en\/wp-json\/wp\/v2\/media\/3418"}],"wp:attachment":[{"href":"https:\/\/www.fundacionmanantial.org\/en\/wp-json\/wp\/v2\/media?parent=3417"}],"wp:term":[{"taxonomy":"category","embeddable":true,"href":"https:\/\/www.fundacionmanantial.org\/en\/wp-json\/wp\/v2\/categories?post=3417"},{"taxonomy":"post_tag","embeddable":true,"href":"https:\/\/www.fundacionmanantial.org\/en\/wp-json\/wp\/v2\/tags?post=3417"}],"curies":[{"name":"wp","href":"https:\/\/api.w.org\/{rel}","templated":true}]}}