{"id":3413,"date":"2021-02-24T13:38:31","date_gmt":"2021-02-24T12:38:31","guid":{"rendered":"https:\/\/www.fundacionmanantial.org\/melancolia-y-paranoia\/"},"modified":"2021-02-24T13:38:31","modified_gmt":"2021-02-24T12:38:31","slug":"melancolia-y-paranoia","status":"publish","type":"post","link":"https:\/\/www.fundacionmanantial.org\/en\/melancolia-y-paranoia\/","title":{"rendered":"&#8220;Melancol\u00eda y paranoia&#8221;"},"content":{"rendered":"<p><strong>Fernando Colina<\/strong>, psiquiatra, investigador y ensayista, ha impartido hoy la <strong>primera sesi\u00f3n del curso &#8220;Melancol\u00eda y paranoia&#8221;<\/strong>, en el que ha hecho un repaso de la historia y el concepto de melancol\u00eda, as\u00ed como de los conceptos de angustia, tristeza, depresi\u00f3n, la responsabilidad y la culpa, el delirio y la paranoia, entre otros.<\/p>\n<p>Este curso, dirigido a los y las profesionales de Fundaci\u00f3n Manantial, forma parte del <strong>Plan de Formaci\u00f3n 2021<\/strong> de la entidad, un plan que, como no pod\u00eda ser de otra manera, est\u00e1\u00a0<strong>atravesado\u00a0por la pandemia del coronavirus, en su contenido y en\u00a0su forma<\/strong>; en su forma, porque casi en su\u00a0totalidad ser\u00e1 online para cumplir con el\u00a0distanciamiento, y en su contenido porque\u00a0pretende ayudar a reinventar y repensar las\u00a0cuestiones afectadas por esta nueva realidad:<strong>\u00a0lo colectivo, el trauma y las p\u00e9rdidas,\u00a0los duelos y las herramientas de trabajo\u00a0comunitario en tiempos de aislamiento\u00a0social.<\/strong><\/p>\n","protected":false},"excerpt":{"rendered":"<p>Fernando Colina, psiquiatra, investigador y ensayista, ha impartido hoy la primera sesi\u00f3n del curso &#8220;Melancol\u00eda y paranoia&#8221;, en el que ha hecho un repaso de la historia y el concepto de melancol\u00eda, as\u00ed como de los conceptos de angustia, tristeza, depresi\u00f3n, la responsabilidad y la culpa, el delirio y la paranoia, entre otros. Este curso, [&hellip;]<\/p>\n","protected":false},"author":1,"featured_media":3414,"comment_status":"closed","ping_status":"closed","sticky":false,"template":"","format":"standard","meta":{"_acf_changed":false,"give_campaign_id":0,"_seopress_robots_primary_cat":"","_seopress_titles_title":"","_seopress_titles_desc":"","_seopress_robots_index":"","footnotes":""},"categories":[34],"tags":[75,90,91,92,54,55,84,85,93,65,94],"class_list":["post-3413","post","type-post","status-publish","format-standard","has-post-thumbnail","hentry","category-noticias-fundacion-manantial","tag-aislamiento","tag-ausencia","tag-colectivo","tag-comunitario","tag-coronavirus","tag-covid","tag-formacion","tag-fundacion-manantial","tag-melancolia","tag-salud-mental","tag-trauma"],"acf":[],"_links":{"self":[{"href":"https:\/\/www.fundacionmanantial.org\/en\/wp-json\/wp\/v2\/posts\/3413","targetHints":{"allow":["GET"]}}],"collection":[{"href":"https:\/\/www.fundacionmanantial.org\/en\/wp-json\/wp\/v2\/posts"}],"about":[{"href":"https:\/\/www.fundacionmanantial.org\/en\/wp-json\/wp\/v2\/types\/post"}],"author":[{"embeddable":true,"href":"https:\/\/www.fundacionmanantial.org\/en\/wp-json\/wp\/v2\/users\/1"}],"replies":[{"embeddable":true,"href":"https:\/\/www.fundacionmanantial.org\/en\/wp-json\/wp\/v2\/comments?post=3413"}],"version-history":[{"count":0,"href":"https:\/\/www.fundacionmanantial.org\/en\/wp-json\/wp\/v2\/posts\/3413\/revisions"}],"wp:featuredmedia":[{"embeddable":true,"href":"https:\/\/www.fundacionmanantial.org\/en\/wp-json\/wp\/v2\/media\/3414"}],"wp:attachment":[{"href":"https:\/\/www.fundacionmanantial.org\/en\/wp-json\/wp\/v2\/media?parent=3413"}],"wp:term":[{"taxonomy":"category","embeddable":true,"href":"https:\/\/www.fundacionmanantial.org\/en\/wp-json\/wp\/v2\/categories?post=3413"},{"taxonomy":"post_tag","embeddable":true,"href":"https:\/\/www.fundacionmanantial.org\/en\/wp-json\/wp\/v2\/tags?post=3413"}],"curies":[{"name":"wp","href":"https:\/\/api.w.org\/{rel}","templated":true}]}}