{"id":3411,"date":"2021-02-19T13:16:24","date_gmt":"2021-02-19T12:16:24","guid":{"rendered":"https:\/\/www.fundacionmanantial.org\/el-curso-terapia-integrativa-comunitaria-inaugura-el-plan-de-formacion-2021\/"},"modified":"2021-02-19T13:16:24","modified_gmt":"2021-02-19T12:16:24","slug":"el-curso-terapia-integrativa-comunitaria-inaugura-el-plan-de-formacion-2021","status":"publish","type":"post","link":"https:\/\/www.fundacionmanantial.org\/en\/el-curso-terapia-integrativa-comunitaria-inaugura-el-plan-de-formacion-2021\/","title":{"rendered":"El curso &#8220;Terapia integrativa comunitaria&#8221; inaugura el Plan de Formaci\u00f3n 2021"},"content":{"rendered":"<p>El <strong>curso &#8220;Terapia integrativa comunitaria&#8221;<\/strong> ha inaugurado el <strong>Plan de Formaci\u00f3n 2021 de Fundaci\u00f3n Manantial<\/strong>, que este a\u00f1o ser\u00e1 casi en su totalidad en <strong>formato online debido a la pandemia por coronavirus<\/strong>.<\/p>\n<p>En este primer curso, los y las profesionales de la entidad han podido aprender m\u00e1s sobre la<strong> terapia integrativa comunitaria<\/strong>,<strong> su \u00e9tica y valores, el arte de cuidar, o la resiliencia<\/strong> en un curso que tiene una duraci\u00f3n de 24 horas, divididas en <strong>ocho sesiones que se imparten de forma virtual<\/strong> de la mano de las docentes\u00a0<strong>M\u00f3nica Rosenblum<\/strong>, terapeuta, consteladora familiar y escritora, y de\u00a0<strong>Florencia Oks<\/strong>, terapeuta familiar, y ambas terapeutas comunitarias, docentes formadoras de terapeutas comunitarixs, co-coordinadoras del Departamento de Terapia Comunitaria\u00a0Integrativa (FundaCes, Argentina) y miembros de <a href=\"https:\/\/www.facebook.com\/Tcivientosdelsur-104377188041130\/\" target=\"_blank\" rel=\"noopener\">@Tci.vientosdelsur<\/a>.<\/p>\n<p>Fundaci\u00f3n Manantial realiza una <strong>importante inversi\u00f3n econ\u00f3mica y organizativa en la elaboraci\u00f3n y desarrollo del\u00a0Plan de\u00a0Formaci\u00f3n<\/strong>\u00a0dirigido a sus profesionales, <strong>movida\u00a0por el convencimiento de que el conocimiento es la herramienta m\u00e1s potente de cambio y una excepcional forma de cuidado de los profesionales. <\/strong>Esta formaci\u00f3n especializada busca <strong>dotar al equipo de profesionales de la entidad de la mayor capacitaci\u00f3n t\u00e9cnica posible<\/strong>,\u00a0siempre contando <strong>con docentes expertos y expertas en el \u00e1mbito de la salud mental<\/strong> que aportan su conocimiento desde distintas disciplinas, como la psicolog\u00eda, antropolog\u00eda, sociolog\u00eda, o psiquiatr\u00eda, entre otras.<\/p>\n<p>&nbsp;<\/p>\n","protected":false},"excerpt":{"rendered":"<p>El curso &#8220;Terapia integrativa comunitaria&#8221; ha inaugurado el Plan de Formaci\u00f3n 2021 de Fundaci\u00f3n Manantial, que este a\u00f1o ser\u00e1 casi en su totalidad en formato online debido a la pandemia por coronavirus. En este primer curso, los y las profesionales de la entidad han podido aprender m\u00e1s sobre la terapia integrativa comunitaria, su \u00e9tica y [&hellip;]<\/p>\n","protected":false},"author":1,"featured_media":3412,"comment_status":"closed","ping_status":"closed","sticky":false,"template":"","format":"standard","meta":{"_acf_changed":false,"give_campaign_id":0,"_seopress_robots_primary_cat":"","_seopress_titles_title":"","_seopress_titles_desc":"","_seopress_robots_index":"","footnotes":""},"categories":[34],"tags":[83,84,85,86,65,87,88,89],"class_list":["post-3411","post","type-post","status-publish","format-standard","has-post-thumbnail","hentry","category-noticias-fundacion-manantial","tag-etica","tag-formacion","tag-fundacion-manantial","tag-resiliencia","tag-salud-mental","tag-terapeuta","tag-terapia-integrativa-comunitaria","tag-valores"],"acf":[],"_links":{"self":[{"href":"https:\/\/www.fundacionmanantial.org\/en\/wp-json\/wp\/v2\/posts\/3411","targetHints":{"allow":["GET"]}}],"collection":[{"href":"https:\/\/www.fundacionmanantial.org\/en\/wp-json\/wp\/v2\/posts"}],"about":[{"href":"https:\/\/www.fundacionmanantial.org\/en\/wp-json\/wp\/v2\/types\/post"}],"author":[{"embeddable":true,"href":"https:\/\/www.fundacionmanantial.org\/en\/wp-json\/wp\/v2\/users\/1"}],"replies":[{"embeddable":true,"href":"https:\/\/www.fundacionmanantial.org\/en\/wp-json\/wp\/v2\/comments?post=3411"}],"version-history":[{"count":0,"href":"https:\/\/www.fundacionmanantial.org\/en\/wp-json\/wp\/v2\/posts\/3411\/revisions"}],"wp:featuredmedia":[{"embeddable":true,"href":"https:\/\/www.fundacionmanantial.org\/en\/wp-json\/wp\/v2\/media\/3412"}],"wp:attachment":[{"href":"https:\/\/www.fundacionmanantial.org\/en\/wp-json\/wp\/v2\/media?parent=3411"}],"wp:term":[{"taxonomy":"category","embeddable":true,"href":"https:\/\/www.fundacionmanantial.org\/en\/wp-json\/wp\/v2\/categories?post=3411"},{"taxonomy":"post_tag","embeddable":true,"href":"https:\/\/www.fundacionmanantial.org\/en\/wp-json\/wp\/v2\/tags?post=3411"}],"curies":[{"name":"wp","href":"https:\/\/api.w.org\/{rel}","templated":true}]}}