{"id":3409,"date":"2021-02-24T12:13:43","date_gmt":"2021-02-24T11:13:43","guid":{"rendered":"https:\/\/www.fundacionmanantial.org\/axa-de-todo-corazon-dona-equipos-informaticos-a-fundacion-manantial-para-mejorar-la-accesibilidad-y-la-comunicacion\/"},"modified":"2021-02-24T12:13:43","modified_gmt":"2021-02-24T11:13:43","slug":"axa-de-todo-corazon-dona-equipos-informaticos-a-fundacion-manantial-para-mejorar-la-accesibilidad-y-la-comunicacion","status":"publish","type":"post","link":"https:\/\/www.fundacionmanantial.org\/en\/axa-de-todo-corazon-dona-equipos-informaticos-a-fundacion-manantial-para-mejorar-la-accesibilidad-y-la-comunicacion\/","title":{"rendered":"Axa de Todo Coraz\u00f3n dona equipos inform\u00e1ticos a Fundaci\u00f3n Manantial para mejorar la accesibilidad y la comunicaci\u00f3n"},"content":{"rendered":"<p>La asociaci\u00f3n <strong><a href=\"https:\/\/www.axa.es\/axa-todo-corazon\">Axa de Todo Coraz\u00f3n<\/a> ha donado a Fundaci\u00f3n Manantial 10 ordenadores de sobremesa, 10 ordenadores port\u00e1tiles, 10 pantallas y 10 estaciones de acoplamiento.<\/strong>\u00a0La brecha digital se ha agudizado en estos tiempos donde la conexi\u00f3n a trav\u00e9s de la tecnolog\u00eda se ha mostrado como imprescindible. Por este motivo, la recepci\u00f3n de este lote es <strong>una oportunidad para que los centros, programas y servicios de Manantial tengan mayor accesibilidad<\/strong> y servir\u00e1 para que los usuarios y usuarias tengan <strong>m\u00e1s puntos de acceso a internet y un mayor acceso\u00a0a la comunicaci\u00f3n con familiares, amigos o profesionales de referencia.<\/strong><\/p>\n<p>&nbsp;<\/p>\n<p><strong>Axa de Todo Coraz\u00f3n<\/strong>,\u00a0que tiene por objeto apoyar\u00a0las causas humanitarias con especial atenci\u00f3n a colectivos que se encuentran en riesgo de exclusi\u00f3n social, <strong>colabora ininterrumpidamente con Fundaci\u00f3n Manantial desde hace casi una d\u00e9cada<\/strong>, participando en <a href=\"https:\/\/elastic-antonelli.5-250-189-237.plesk.page\/sala-de-prensa\/voluntariado-corporativo-con-axa\/\">salidas de ocio<\/a>, experimentando talleres prelaborales, apoyando la <a href=\"https:\/\/elastic-antonelli.5-250-189-237.plesk.page\/sala-de-prensa\/mas-de-2-500-personas-se-suman-a-la-ix-carrera-por-la-salud-mental\/\">Carrera anual por la Salud Mental<\/a>, acciones medioambientales, otorgando premios,&#8230;<\/p>\n<p>&nbsp;<\/p>\n<p>Esta nueva colaboraci\u00f3n se ha recibido con mucha ilusi\u00f3n por parte de los y las profesionales de los recursos de atenci\u00f3n social, dado que <strong>estos equipos inform\u00e1ticos les permitir\u00e1n comunicarse con m\u00e1s fluidez, generar espacios para trabajar el acceso a las tecnolog\u00edas y acercar de manera virtual a las personas con las que trabajan a su comunidad<\/strong>.<\/p>\n<p>&nbsp;<\/p>\n","protected":false},"excerpt":{"rendered":"<p>La asociaci\u00f3n Axa de Todo Coraz\u00f3n ha donado a Fundaci\u00f3n Manantial 10 ordenadores de sobremesa, 10 ordenadores port\u00e1tiles, 10 pantallas y 10 estaciones de acoplamiento.\u00a0La brecha digital se ha agudizado en estos tiempos donde la conexi\u00f3n a trav\u00e9s de la tecnolog\u00eda se ha mostrado como imprescindible. Por este motivo, la recepci\u00f3n de este lote es [&hellip;]<\/p>\n","protected":false},"author":1,"featured_media":3410,"comment_status":"closed","ping_status":"closed","sticky":false,"template":"","format":"standard","meta":{"_acf_changed":false,"give_campaign_id":0,"_seopress_robots_primary_cat":"","_seopress_titles_title":"","_seopress_titles_desc":"","_seopress_robots_index":"","footnotes":""},"categories":[34],"tags":[74,75,76,77,78,55,79,80,81,82],"class_list":["post-3409","post","type-post","status-publish","format-standard","has-post-thumbnail","hentry","category-noticias-fundacion-manantial","tag-accesibilidad","tag-aislamiento","tag-axa","tag-brecha-digital","tag-colaboracion","tag-covid","tag-donacion","tag-ordenadores","tag-pandemia","tag-solidaridad"],"acf":[],"_links":{"self":[{"href":"https:\/\/www.fundacionmanantial.org\/en\/wp-json\/wp\/v2\/posts\/3409","targetHints":{"allow":["GET"]}}],"collection":[{"href":"https:\/\/www.fundacionmanantial.org\/en\/wp-json\/wp\/v2\/posts"}],"about":[{"href":"https:\/\/www.fundacionmanantial.org\/en\/wp-json\/wp\/v2\/types\/post"}],"author":[{"embeddable":true,"href":"https:\/\/www.fundacionmanantial.org\/en\/wp-json\/wp\/v2\/users\/1"}],"replies":[{"embeddable":true,"href":"https:\/\/www.fundacionmanantial.org\/en\/wp-json\/wp\/v2\/comments?post=3409"}],"version-history":[{"count":0,"href":"https:\/\/www.fundacionmanantial.org\/en\/wp-json\/wp\/v2\/posts\/3409\/revisions"}],"wp:featuredmedia":[{"embeddable":true,"href":"https:\/\/www.fundacionmanantial.org\/en\/wp-json\/wp\/v2\/media\/3410"}],"wp:attachment":[{"href":"https:\/\/www.fundacionmanantial.org\/en\/wp-json\/wp\/v2\/media?parent=3409"}],"wp:term":[{"taxonomy":"category","embeddable":true,"href":"https:\/\/www.fundacionmanantial.org\/en\/wp-json\/wp\/v2\/categories?post=3409"},{"taxonomy":"post_tag","embeddable":true,"href":"https:\/\/www.fundacionmanantial.org\/en\/wp-json\/wp\/v2\/tags?post=3409"}],"curies":[{"name":"wp","href":"https:\/\/api.w.org\/{rel}","templated":true}]}}