{"id":3405,"date":"2021-02-17T10:33:34","date_gmt":"2021-02-17T09:33:34","guid":{"rendered":"https:\/\/www.fundacionmanantial.org\/bona-vesprada-visita-el-proyecto-de-empleo-manantial-vilamico\/"},"modified":"2021-02-17T10:33:34","modified_gmt":"2021-02-17T09:33:34","slug":"bona-vesprada-visita-el-proyecto-de-empleo-manantial-vilamico","status":"publish","type":"post","link":"https:\/\/www.fundacionmanantial.org\/en\/bona-vesprada-visita-el-proyecto-de-empleo-manantial-vilamico\/","title":{"rendered":"&#8216;Bona vesprada&#8217; visita el proyecto de empleo Manantial Vilamico"},"content":{"rendered":"<div class=\"-text\">El <strong>programa <a href=\"https:\/\/apuntmedia.es\/va\/a-la-carta\/programes\/vist-en-tv\/bona-vesprada\/11022021-bona-vesprada-primera-part\" target=\"_blank\" rel=\"noopener\">&#8216;Bona vesprada&#8217;<\/a><\/strong> del canal de televisi\u00f3n valenciano <a href=\"https:\/\/apuntmedia.es\/va\/\" target=\"_blank\" rel=\"noopener\"><strong>\u00c0 Punt<\/strong><\/a>, ha visitado las instalaciones del proyecto de empleo\u00a0Manantial Vilamico en Vila-real (Castell\u00f3n). El espacio, presentado por <strong>Maxim Huerta<\/strong>, ha entrevistado a H\u00e9ctor Mora, director de Vilamico, y a Jes\u00fas y Juan Carlos, socios-trabajadores del proyecto. &#8220;Es mi primer trabajo indefinido&#8221;, ha explicado Juan Carlos, mientras ha mostrado en qu\u00e9 consiste su trabajo.<\/div>\n<p>&nbsp;<\/p>\n<div><\/div>\n<div>&#8220;Nuestro objetivo es crear opciones de trabajo para un colectivo que tiene dificultades para la entrada a un trabajo&#8221;, ha afirmado H\u00e9ctor Mora. El Centro Especial de Empleo Manantial Vilamico\u00a0<strong>genera empleo para 15 profesionales con problemas de salud mental que son, a su vez, socios y socias del proyecto.<\/strong>\u00a0Fundaci\u00f3n Manantial apuesta por el empleo para<strong>\u00a0facilitar los procesos de recuperaci\u00f3n y la plena inclusi\u00f3n<\/strong>, y es que\u00a0<strong>el empleo no solo promueve la autonom\u00eda, sino que permite desarrollar proyectos de vida personales, supone un impacto en la identidad y genera salud<\/strong>.<\/div>\n<p>&nbsp;<\/p>\n<div><\/div>\n<div>&#8220;Nuestros champi\u00f1ones se venden en mercados mayoristas. <strong>Contamos con clientes muy importantes y muy sensibilizados e implicados en el proyecto. No es una mera acci\u00f3n de venta, sino que se hace lo posible por que el cliente tenga conocimiento de lo que hacemos en Manantial Vilamico&#8221;<\/strong>, comenta el director del proyecto.<\/div>\n<p>&nbsp;<\/p>\n<div>\n<p>Manantial Vilamico ha sido posible gracias al apoyo y apuesta que han mostrado la\u00a0<a href=\"http:\/\/www.indi.gva.es\/es\" target=\"_blank\" rel=\"noopener\"><strong>Conselleria de Econom\u00eda Sostenible, Sectores Productivos, Comercio y Trabajo<\/strong><\/a>, a trav\u00e9s de sus Direcciones Generales de Emprendimiento y Cooperativismo, Internacionalizaci\u00f3n, y de Empleo y Formaci\u00f3n de LABORA, y desde el\u00a0<a href=\"https:\/\/www.vila-real.es\/\" target=\"_blank\" rel=\"noopener\"><strong>Ayuntamiento de Vila-real<\/strong><\/a>.<\/p>\n<p>&nbsp;<\/p>\n<\/div>\n<div class=\"-text\"><a href=\"https:\/\/apuntmedia.es\/va\/a-la-carta\/programes\/vist-en-tv\/bona-vesprada\/11022021-bona-vesprada-primera-part\" target=\"_blank\" rel=\"noopener\">Ver reportaje de Manantial Vilamico en <em>Bona Vesprada<\/em><\/a> (desde el minuto 23:25)<\/div>\n<div><\/div>\n<div><\/div>\n","protected":false},"excerpt":{"rendered":"<p>El programa &#8216;Bona vesprada&#8217; del canal de televisi\u00f3n valenciano \u00c0 Punt, ha visitado las instalaciones del proyecto de empleo\u00a0Manantial Vilamico en Vila-real (Castell\u00f3n). El espacio, presentado por Maxim Huerta, ha entrevistado a H\u00e9ctor Mora, director de Vilamico, y a Jes\u00fas y Juan Carlos, socios-trabajadores del proyecto. &#8220;Es mi primer trabajo indefinido&#8221;, ha explicado Juan Carlos, [&hellip;]<\/p>\n","protected":false},"author":1,"featured_media":3406,"comment_status":"closed","ping_status":"closed","sticky":false,"template":"","format":"standard","meta":{"_acf_changed":false,"give_campaign_id":0,"_seopress_robots_primary_cat":"","_seopress_titles_title":"","_seopress_titles_desc":"","_seopress_robots_index":"","footnotes":""},"categories":[34],"tags":[59,56,60,61,62,63,64,65,66],"class_list":["post-3405","post","type-post","status-publish","format-standard","has-post-thumbnail","hentry","category-noticias-fundacion-manantial","tag-champinones","tag-discapacidad","tag-empleo","tag-inclusion","tag-insercion","tag-laboral","tag-recuperacion","tag-salud-mental","tag-vilamico"],"acf":[],"_links":{"self":[{"href":"https:\/\/www.fundacionmanantial.org\/en\/wp-json\/wp\/v2\/posts\/3405","targetHints":{"allow":["GET"]}}],"collection":[{"href":"https:\/\/www.fundacionmanantial.org\/en\/wp-json\/wp\/v2\/posts"}],"about":[{"href":"https:\/\/www.fundacionmanantial.org\/en\/wp-json\/wp\/v2\/types\/post"}],"author":[{"embeddable":true,"href":"https:\/\/www.fundacionmanantial.org\/en\/wp-json\/wp\/v2\/users\/1"}],"replies":[{"embeddable":true,"href":"https:\/\/www.fundacionmanantial.org\/en\/wp-json\/wp\/v2\/comments?post=3405"}],"version-history":[{"count":0,"href":"https:\/\/www.fundacionmanantial.org\/en\/wp-json\/wp\/v2\/posts\/3405\/revisions"}],"wp:featuredmedia":[{"embeddable":true,"href":"https:\/\/www.fundacionmanantial.org\/en\/wp-json\/wp\/v2\/media\/3406"}],"wp:attachment":[{"href":"https:\/\/www.fundacionmanantial.org\/en\/wp-json\/wp\/v2\/media?parent=3405"}],"wp:term":[{"taxonomy":"category","embeddable":true,"href":"https:\/\/www.fundacionmanantial.org\/en\/wp-json\/wp\/v2\/categories?post=3405"},{"taxonomy":"post_tag","embeddable":true,"href":"https:\/\/www.fundacionmanantial.org\/en\/wp-json\/wp\/v2\/tags?post=3405"}],"curies":[{"name":"wp","href":"https:\/\/api.w.org\/{rel}","templated":true}]}}