{"id":3403,"date":"2021-01-20T11:18:57","date_gmt":"2021-01-20T10:18:57","guid":{"rendered":"https:\/\/www.fundacionmanantial.org\/la-consejeria-de-politicas-sociales-apoya-a-fundacion-manantial-con-motivo-de-la-pandemia\/"},"modified":"2021-01-20T11:18:57","modified_gmt":"2021-01-20T10:18:57","slug":"la-consejeria-de-politicas-sociales-apoya-a-fundacion-manantial-con-motivo-de-la-pandemia","status":"publish","type":"post","link":"https:\/\/www.fundacionmanantial.org\/en\/la-consejeria-de-politicas-sociales-apoya-a-fundacion-manantial-con-motivo-de-la-pandemia\/","title":{"rendered":"La\u00a0Consejer\u00eda de Pol\u00edticas Sociales apoya a Fundaci\u00f3n Manantial con motivo de la pandemia"},"content":{"rendered":"<p>La\u00a0<a href=\"https:\/\/www.comunidad.madrid\/centros\/consejeria-politicas-sociales-familia\" target=\"_blank\" rel=\"noopener\"><strong>Consejer\u00eda de Pol\u00edticas Sociales, Familias, Igualdad y Natalidad<\/strong><\/a> <strong>de la Comunidad de Madrid<\/strong> ha concedido ayudas\u00a0destinadas a <strong>prestar apoyo financiero a las entidades del tercer sector de acci\u00f3n social madrile\u00f1as<\/strong> que se ocupan de la atenci\u00f3n a personas con discapacidad y\/o enfermedad mental\u00a0o en situaci\u00f3n de vulnerabilidad o\u00a0exclusi\u00f3n social\u00a0<strong>afectadas por la crisis sanitaria de la\u00a0Covid-19.<\/strong><\/p>\n<p>Entre las entidades que han recibido la subvenci\u00f3n, se encuentra Fundaci\u00f3n Manantial.\u00a0La\u00a0<strong>situaci\u00f3n de emergencia sanitaria<\/strong>\u00a0en la que se encuentra el pa\u00eds como consecuencia de la\u00a0<strong>pandemia global del COVID-19<\/strong>\u00a0ha supuesto un impacto sin precedentes en las estructuras sociales, econ\u00f3micas y laborales. Es por ello que resulta previsible que\u00a0<strong>se acent\u00faen paulatinamente necesidades de car\u00e1cter socioecon\u00f3mico del conjunto de la sociedad y, muy especialmente, de los grupos de poblaci\u00f3n m\u00e1s vulnerables<\/strong>.<\/p>\n<p>&nbsp;<\/p>\n","protected":false},"excerpt":{"rendered":"<p>La\u00a0Consejer\u00eda de Pol\u00edticas Sociales, Familias, Igualdad y Natalidad de la Comunidad de Madrid ha concedido ayudas\u00a0destinadas a prestar apoyo financiero a las entidades del tercer sector de acci\u00f3n social madrile\u00f1as que se ocupan de la atenci\u00f3n a personas con discapacidad y\/o enfermedad mental\u00a0o en situaci\u00f3n de vulnerabilidad o\u00a0exclusi\u00f3n social\u00a0afectadas por la crisis sanitaria de la\u00a0Covid-19. [&hellip;]<\/p>\n","protected":false},"author":1,"featured_media":3404,"comment_status":"closed","ping_status":"closed","sticky":false,"template":"","format":"standard","meta":{"_acf_changed":false,"give_campaign_id":0,"_seopress_robots_primary_cat":"","_seopress_titles_title":"","_seopress_titles_desc":"","_seopress_robots_index":"","footnotes":""},"categories":[34],"tags":[],"class_list":["post-3403","post","type-post","status-publish","format-standard","has-post-thumbnail","hentry","category-noticias-fundacion-manantial"],"acf":[],"_links":{"self":[{"href":"https:\/\/www.fundacionmanantial.org\/en\/wp-json\/wp\/v2\/posts\/3403","targetHints":{"allow":["GET"]}}],"collection":[{"href":"https:\/\/www.fundacionmanantial.org\/en\/wp-json\/wp\/v2\/posts"}],"about":[{"href":"https:\/\/www.fundacionmanantial.org\/en\/wp-json\/wp\/v2\/types\/post"}],"author":[{"embeddable":true,"href":"https:\/\/www.fundacionmanantial.org\/en\/wp-json\/wp\/v2\/users\/1"}],"replies":[{"embeddable":true,"href":"https:\/\/www.fundacionmanantial.org\/en\/wp-json\/wp\/v2\/comments?post=3403"}],"version-history":[{"count":0,"href":"https:\/\/www.fundacionmanantial.org\/en\/wp-json\/wp\/v2\/posts\/3403\/revisions"}],"wp:featuredmedia":[{"embeddable":true,"href":"https:\/\/www.fundacionmanantial.org\/en\/wp-json\/wp\/v2\/media\/3404"}],"wp:attachment":[{"href":"https:\/\/www.fundacionmanantial.org\/en\/wp-json\/wp\/v2\/media?parent=3403"}],"wp:term":[{"taxonomy":"category","embeddable":true,"href":"https:\/\/www.fundacionmanantial.org\/en\/wp-json\/wp\/v2\/categories?post=3403"},{"taxonomy":"post_tag","embeddable":true,"href":"https:\/\/www.fundacionmanantial.org\/en\/wp-json\/wp\/v2\/tags?post=3403"}],"curies":[{"name":"wp","href":"https:\/\/api.w.org\/{rel}","templated":true}]}}