{"id":3401,"date":"2021-01-18T08:07:51","date_gmt":"2021-01-18T07:07:51","guid":{"rendered":"https:\/\/www.fundacionmanantial.org\/comienza-la-campana-de-vacunacion-contra-el-covid-en-las-residencias-de-fundacion-manantial\/"},"modified":"2021-01-18T08:07:51","modified_gmt":"2021-01-18T07:07:51","slug":"comienza-la-campana-de-vacunacion-contra-el-covid-en-las-residencias-de-fundacion-manantial","status":"publish","type":"post","link":"https:\/\/www.fundacionmanantial.org\/en\/comienza-la-campana-de-vacunacion-contra-el-covid-en-las-residencias-de-fundacion-manantial\/","title":{"rendered":"Comienza la campa\u00f1a de vacunaci\u00f3n contra el Covid en las residencias de Fundaci\u00f3n Manantial"},"content":{"rendered":"<p>Hoy ha comenzado\u00a0<span class=\"-expanded\">la <strong>campa\u00f1a de vacunaci\u00f3n de la <a href=\"http:\/\/www.madrid.org\/cs\/Satellite?c=CM_Agrupador_FP&amp;cid=1109266187266&amp;idConsejeria=1109266187266&amp;idListConsj=1109265444710&amp;pagename=ComunidadMadrid\/Estructura\" target=\"_blank\" rel=\"noopener\">Consejer\u00eda de Sanidad<\/a> en la Residencia &#8220;Legan\u00e9s&#8221; y hace unos d\u00edas comenz\u00f3 en la Residencia &#8220;Santa Ana&#8221; de Vila-real (Castell\u00f3n) <\/strong>por parte de la<a href=\"http:\/\/coronavirus.san.gva.es\/web\/vacunacion\/inicio\" target=\"_blank\" rel=\"noopener\"><strong> Conselleria de Sanidad Universal y Salud P\u00fablica<\/strong><\/a>. Un total de <strong>54 residentes<\/strong> y <strong>38 profesionales<\/strong>\u00a0han recibido la primera dosis. En esta primera fase de vacunaci\u00f3n, el primer grupo prioritario son los residentes y el personal sanitario y sociosanitario en residencias de personas mayores y personas con discapacidad.\u00a0<\/span><\/p>\n<p><span class=\"-expanded\">Pr\u00f3ximamente llegar\u00e1n las vacunas al resto de residencias de Fundaci\u00f3n Manantial.\u00a0<\/span>La vacunaci\u00f3n es un gran paso para ir <strong>poco a poco logrando vencer la pandemia y poder retomar la normalidad<\/strong>.<\/p>\n","protected":false},"excerpt":{"rendered":"<p>Hoy ha comenzado\u00a0la campa\u00f1a de vacunaci\u00f3n de la Consejer\u00eda de Sanidad en la Residencia &#8220;Legan\u00e9s&#8221; y hace unos d\u00edas comenz\u00f3 en la Residencia &#8220;Santa Ana&#8221; de Vila-real (Castell\u00f3n) por parte de la Conselleria de Sanidad Universal y Salud P\u00fablica. Un total de 54 residentes y 38 profesionales\u00a0han recibido la primera dosis. En esta primera fase [&hellip;]<\/p>\n","protected":false},"author":1,"featured_media":3402,"comment_status":"closed","ping_status":"closed","sticky":false,"template":"","format":"standard","meta":{"_acf_changed":false,"give_campaign_id":0,"_seopress_robots_primary_cat":"","_seopress_titles_title":"","_seopress_titles_desc":"","_seopress_robots_index":"","footnotes":""},"categories":[34],"tags":[54,55,56,57,58],"class_list":["post-3401","post","type-post","status-publish","format-standard","has-post-thumbnail","hentry","category-noticias-fundacion-manantial","tag-coronavirus","tag-covid","tag-discapacidad","tag-residencia","tag-vacuna"],"acf":[],"_links":{"self":[{"href":"https:\/\/www.fundacionmanantial.org\/en\/wp-json\/wp\/v2\/posts\/3401","targetHints":{"allow":["GET"]}}],"collection":[{"href":"https:\/\/www.fundacionmanantial.org\/en\/wp-json\/wp\/v2\/posts"}],"about":[{"href":"https:\/\/www.fundacionmanantial.org\/en\/wp-json\/wp\/v2\/types\/post"}],"author":[{"embeddable":true,"href":"https:\/\/www.fundacionmanantial.org\/en\/wp-json\/wp\/v2\/users\/1"}],"replies":[{"embeddable":true,"href":"https:\/\/www.fundacionmanantial.org\/en\/wp-json\/wp\/v2\/comments?post=3401"}],"version-history":[{"count":0,"href":"https:\/\/www.fundacionmanantial.org\/en\/wp-json\/wp\/v2\/posts\/3401\/revisions"}],"wp:featuredmedia":[{"embeddable":true,"href":"https:\/\/www.fundacionmanantial.org\/en\/wp-json\/wp\/v2\/media\/3402"}],"wp:attachment":[{"href":"https:\/\/www.fundacionmanantial.org\/en\/wp-json\/wp\/v2\/media?parent=3401"}],"wp:term":[{"taxonomy":"category","embeddable":true,"href":"https:\/\/www.fundacionmanantial.org\/en\/wp-json\/wp\/v2\/categories?post=3401"},{"taxonomy":"post_tag","embeddable":true,"href":"https:\/\/www.fundacionmanantial.org\/en\/wp-json\/wp\/v2\/tags?post=3401"}],"curies":[{"name":"wp","href":"https:\/\/api.w.org\/{rel}","templated":true}]}}