{"id":3399,"date":"2021-01-12T12:19:49","date_gmt":"2021-01-12T11:19:49","guid":{"rendered":"https:\/\/www.fundacionmanantial.org\/la-generalitat-valenciana-apoya-al-centro-especial-de-empleo-manantial-integra\/"},"modified":"2021-01-12T12:19:49","modified_gmt":"2021-01-12T11:19:49","slug":"la-generalitat-valenciana-apoya-al-centro-especial-de-empleo-manantial-integra","status":"publish","type":"post","link":"https:\/\/www.fundacionmanantial.org\/en\/la-generalitat-valenciana-apoya-al-centro-especial-de-empleo-manantial-integra\/","title":{"rendered":"La Generalitat Valenciana apoya al Centro Especial de Empleo &#8216;Manantial Integra&#8217;"},"content":{"rendered":"<p>La\u00a0<b><a href=\"http:\/\/www.indi.gva.es\/es\" target=\"_blank\" rel=\"noopener\">Conselleria de Econom\u00eda, Industria, Turismo y Empleo<\/a><\/b>, a trav\u00e9s de\u00a0<b><a href=\"http:\/\/www.labora.gva.es\/\" target=\"_blank\" rel=\"noopener\"><strong>LABORA<\/strong>, Servicio Valenciano de Empleo y Formaci\u00f3n<\/a><\/b>, ha concedido al <strong>Centro Especial de Empleo Manantial Integra<\/strong>\u00a0una\u00a0<strong>subvenci\u00f3n destinada\u00a0al fomento de la ocupaci\u00f3n de personas con diversidad funcional o\u00a0discapacidad<\/strong>\u00a0en centros especiales de ocupaci\u00f3n y enclaves laborales.<\/p>\n<p>La ayuda se destina al <strong>mantenimiento de los 11 puestos de trabajo<\/strong> en las l\u00edneas de <strong>Manantial Integra en la Comunidad Valenciana: Limpieza y <a href=\"http:\/\/nuevastecnologias.manantialintegra.org\/\" target=\"_blank\" rel=\"noopener\">Nuevas Tecnolog\u00edas<\/a><\/strong> (especializados en la creaci\u00f3n de p\u00e1ginas web en todas sus variantes y dise\u00f1o de la\u00a0identidad corporativa de empresas y dem\u00e1s organizaciones).<\/p>\n<p>El empleo es una oportunidad de inclusi\u00f3n social, pero, en Espa\u00f1a,\u00a0<strong>la tasa de paro de las personas con diversidad funcional por problemas de salud mental alcanza el 85%<\/strong>. Para los trabajadores y trabajadoras de Manantial Integra, el empleo es una forma de mejorar sus condiciones de vida y tambi\u00e9n de sentirse ciudadanos \u00fatiles a la sociedad,\u00a0<strong>abandonando de este modo de manera efectiva el rol de \u201cenfermo mental\u201d<\/strong>, que tanto estigma social produce.<\/p>\n<p>&nbsp;<\/p>\n","protected":false},"excerpt":{"rendered":"<p>La\u00a0Conselleria de Econom\u00eda, Industria, Turismo y Empleo, a trav\u00e9s de\u00a0LABORA, Servicio Valenciano de Empleo y Formaci\u00f3n, ha concedido al Centro Especial de Empleo Manantial Integra\u00a0una\u00a0subvenci\u00f3n destinada\u00a0al fomento de la ocupaci\u00f3n de personas con diversidad funcional o\u00a0discapacidad\u00a0en centros especiales de ocupaci\u00f3n y enclaves laborales. La ayuda se destina al mantenimiento de los 11 puestos de trabajo [&hellip;]<\/p>\n","protected":false},"author":1,"featured_media":3400,"comment_status":"closed","ping_status":"closed","sticky":false,"template":"","format":"standard","meta":{"_acf_changed":false,"give_campaign_id":0,"_seopress_robots_primary_cat":"","_seopress_titles_title":"","_seopress_titles_desc":"","_seopress_robots_index":"","footnotes":""},"categories":[34],"tags":[],"class_list":["post-3399","post","type-post","status-publish","format-standard","has-post-thumbnail","hentry","category-noticias-fundacion-manantial"],"acf":[],"_links":{"self":[{"href":"https:\/\/www.fundacionmanantial.org\/en\/wp-json\/wp\/v2\/posts\/3399","targetHints":{"allow":["GET"]}}],"collection":[{"href":"https:\/\/www.fundacionmanantial.org\/en\/wp-json\/wp\/v2\/posts"}],"about":[{"href":"https:\/\/www.fundacionmanantial.org\/en\/wp-json\/wp\/v2\/types\/post"}],"author":[{"embeddable":true,"href":"https:\/\/www.fundacionmanantial.org\/en\/wp-json\/wp\/v2\/users\/1"}],"replies":[{"embeddable":true,"href":"https:\/\/www.fundacionmanantial.org\/en\/wp-json\/wp\/v2\/comments?post=3399"}],"version-history":[{"count":0,"href":"https:\/\/www.fundacionmanantial.org\/en\/wp-json\/wp\/v2\/posts\/3399\/revisions"}],"wp:featuredmedia":[{"embeddable":true,"href":"https:\/\/www.fundacionmanantial.org\/en\/wp-json\/wp\/v2\/media\/3400"}],"wp:attachment":[{"href":"https:\/\/www.fundacionmanantial.org\/en\/wp-json\/wp\/v2\/media?parent=3399"}],"wp:term":[{"taxonomy":"category","embeddable":true,"href":"https:\/\/www.fundacionmanantial.org\/en\/wp-json\/wp\/v2\/categories?post=3399"},{"taxonomy":"post_tag","embeddable":true,"href":"https:\/\/www.fundacionmanantial.org\/en\/wp-json\/wp\/v2\/tags?post=3399"}],"curies":[{"name":"wp","href":"https:\/\/api.w.org\/{rel}","templated":true}]}}