{"id":3397,"date":"2021-01-15T11:42:38","date_gmt":"2021-01-15T10:42:38","guid":{"rendered":"https:\/\/www.fundacionmanantial.org\/km-por-la-salud-mental-es-cosa-de-todos-de-sage-foundation\/"},"modified":"2021-01-15T11:42:38","modified_gmt":"2021-01-15T10:42:38","slug":"km-por-la-salud-mental-es-cosa-de-todos-de-sage-foundation","status":"publish","type":"post","link":"https:\/\/www.fundacionmanantial.org\/en\/km-por-la-salud-mental-es-cosa-de-todos-de-sage-foundation\/","title":{"rendered":"Km por la salud mental: &#8220;Es Cosa de Todos&#8221; de Sage Foundation"},"content":{"rendered":"<p style=\"font-weight: 400;\">La <a href=\"https:\/\/www.sage.com\/es-es\/?utm_gachannelgroup=PaidSearch&amp;utm_source=GOOGLE&amp;utm_medium=PaidSearch&amp;utm_campaign=ES%7CGOOGLE%7CCONTENT%2FBRAND%7CBrand_PureBrand(BMM)_CONBRND_&amp;utm_delivery=Paid&amp;gclid=CjwKCAiAi_D_BRApEiwASslbJ4xqJKVWKrsReVEuZO4KG6wolCr9jM6wvYB4PjqdVkWoy_td-T1mIRoC2wAQAvD_BwE&amp;gclsrc=aw.ds\" target=\"_blank\" rel=\"noopener\">Fundaci\u00f3n Sage<\/a> dedica los meses de enero y febrero de 2021 al\u00a0&#8216;Health and Wellbeing&#8217; (Salud y bienestar) y lanza entre sus empleados el segundo \u2018<strong>Kilometre Challenge\u2019\u00a0<\/strong>del a\u00f1o:<strong> \u2018Km por la salud mental: Es Cosa de Todos&#8217; en favor de Fundaci\u00f3n Manantial.<\/strong><\/p>\n<p>Para sumarse al reto, los y las participantes deben realizar un total de 12 horas de cualquier actividad deportiva (correr, andar, montar en bicicleta,&#8230;), utilizando su tiempo de voluntariado. Si consiguen realizar\u00a0<strong>10.000 km de deporte o llegar a 180 trabajadores inscritos <\/strong>(y sus familias),\u00a0<strong>Sage Foundation<\/strong>\u00a0<strong>donar\u00e1 1.000 \u20ac\u00a0<\/strong>a favor de Manantial para apoyar la labor de sensibilizaci\u00f3n sobre los problemas de salud mental.\u00a0Las personas que se suman al reto<strong> lucen su camiseta virtual en redes sociales <\/strong>mencionando a <a href=\"https:\/\/twitter.com\/FundManantial\" target=\"_blank\" rel=\"noopener\">Fundaci\u00f3n Manantial<\/a>.<\/p>\n<p>Hoy,\u00a0<b>Miguel D\u00edaz Carballeira,<\/b> coordinador del Servicio de Ocio y Voluntariado de Fundaci\u00f3n Manantial,\u00a0<b>ha realizado una sesi\u00f3n virtual sobre salud mental,\u00a0<\/b>en la que\u00a0ha explicado a los trabajadores y trabajadoras de Sage los programas de la Fundaci\u00f3n para la lucha contra el estigma de la enfermedad mental y ha dado a conocer algunos de los proyectos de la entidad, como el\u00a0programa de apoyo, prevenci\u00f3n y seguimiento para hijos de personas con problemas de salud mental\u00a0<a href=\"https:\/\/elastic-antonelli.5-250-189-237.plesk.page\/casa-verde\/\" target=\"_blank\" rel=\"noopener\">Casa Verde<\/a>.<\/p>\n<p>La iniciativa de Sage apoya la labor de sensibilizaci\u00f3n de Manantial sobre los problemas de salud mental y <strong>muestra la relaci\u00f3n del deporte con el cuidado de la salud mental<\/strong>, idea que la entidad visibiliza a trav\u00e9s de la <a href=\"https:\/\/elastic-antonelli.5-250-189-237.plesk.page\/sala-de-prensa\/mas-de-2-500-personas-se-suman-a-la-ix-carrera-por-la-salud-mental\/\" target=\"_blank\" rel=\"noopener\">carrera solidaria anual<\/a>, que ya ha celebrado nueve ediciones y que re\u00fane a m\u00e1s de 2.000 personas todos los a\u00f1os, pero que en 2021 no podr\u00e1 celebrarse como consecuencia de la pandemia. Sage lleva desde 2015 apoyando a Fundaci\u00f3n Manantial en diversas acciones de sensibilizaci\u00f3n y a trav\u00e9s del voluntariado corporativo.<\/p>\n<p>&nbsp;<\/p>\n","protected":false},"excerpt":{"rendered":"<p>La Fundaci\u00f3n Sage dedica los meses de enero y febrero de 2021 al\u00a0&#8216;Health and Wellbeing&#8217; (Salud y bienestar) y lanza entre sus empleados el segundo \u2018Kilometre Challenge\u2019\u00a0del a\u00f1o: \u2018Km por la salud mental: Es Cosa de Todos&#8217; en favor de Fundaci\u00f3n Manantial. Para sumarse al reto, los y las participantes deben realizar un total de [&hellip;]<\/p>\n","protected":false},"author":1,"featured_media":3398,"comment_status":"closed","ping_status":"closed","sticky":false,"template":"","format":"standard","meta":{"_acf_changed":false,"give_campaign_id":0,"_seopress_robots_primary_cat":"","_seopress_titles_title":"","_seopress_titles_desc":"","_seopress_robots_index":"","footnotes":""},"categories":[34],"tags":[],"class_list":["post-3397","post","type-post","status-publish","format-standard","has-post-thumbnail","hentry","category-noticias-fundacion-manantial"],"acf":[],"_links":{"self":[{"href":"https:\/\/www.fundacionmanantial.org\/en\/wp-json\/wp\/v2\/posts\/3397","targetHints":{"allow":["GET"]}}],"collection":[{"href":"https:\/\/www.fundacionmanantial.org\/en\/wp-json\/wp\/v2\/posts"}],"about":[{"href":"https:\/\/www.fundacionmanantial.org\/en\/wp-json\/wp\/v2\/types\/post"}],"author":[{"embeddable":true,"href":"https:\/\/www.fundacionmanantial.org\/en\/wp-json\/wp\/v2\/users\/1"}],"replies":[{"embeddable":true,"href":"https:\/\/www.fundacionmanantial.org\/en\/wp-json\/wp\/v2\/comments?post=3397"}],"version-history":[{"count":0,"href":"https:\/\/www.fundacionmanantial.org\/en\/wp-json\/wp\/v2\/posts\/3397\/revisions"}],"wp:featuredmedia":[{"embeddable":true,"href":"https:\/\/www.fundacionmanantial.org\/en\/wp-json\/wp\/v2\/media\/3398"}],"wp:attachment":[{"href":"https:\/\/www.fundacionmanantial.org\/en\/wp-json\/wp\/v2\/media?parent=3397"}],"wp:term":[{"taxonomy":"category","embeddable":true,"href":"https:\/\/www.fundacionmanantial.org\/en\/wp-json\/wp\/v2\/categories?post=3397"},{"taxonomy":"post_tag","embeddable":true,"href":"https:\/\/www.fundacionmanantial.org\/en\/wp-json\/wp\/v2\/tags?post=3397"}],"curies":[{"name":"wp","href":"https:\/\/api.w.org\/{rel}","templated":true}]}}