{"id":3395,"date":"2021-01-26T07:00:27","date_gmt":"2021-01-26T06:00:27","guid":{"rendered":"https:\/\/www.fundacionmanantial.org\/vi-convocatoria-de-ayudas-a-asociaciones-de-salud-mental\/"},"modified":"2021-01-26T07:00:27","modified_gmt":"2021-01-26T06:00:27","slug":"vi-convocatoria-de-ayudas-a-asociaciones-de-salud-mental","status":"publish","type":"post","link":"https:\/\/www.fundacionmanantial.org\/en\/vi-convocatoria-de-ayudas-a-asociaciones-de-salud-mental\/","title":{"rendered":"VI Convocatoria de ayudas a asociaciones de salud mental"},"content":{"rendered":"<p style=\"font-weight: 400;\">Fundaci\u00f3n Manantial abre la<strong>\u00a0VI<\/strong><strong>\u00a0Convocatoria de Ayudas a Proyectos Prioritarios<\/strong>\u00a0con la que pretende impulsar al movimiento asociativo de familiares y usuarios de salud mental.<\/p>\n<p>El principal objetivo es <strong>apoyar a las asociaciones para dar una respuesta eficaz a los problemas y necesidades a los que no llega la administraci\u00f3n p\u00fablica.<\/strong><\/p>\n<p>Las ayudas est\u00e1n\u00a0<strong>dirigidas a las asociaciones de familiares y usuarios de la Comunidad de Madrid\u00a0y la Comunidad Valenciana<\/strong>,\u00a0y tienen como fin principal promover y ayudar a desarrollar programas prioritarios para trabajar de manera conjunta en la construcci\u00f3n de un modelo alternativo de atenci\u00f3n a los problemas de salud mental, prestando actividades de soporte y espacios de ayuda entre iguales, e impulsando el liderato de las asociaciones para el cambio social.<\/p>\n<p>Los\u00a0programas prioritarios\u00a0a desarrollar son:\u00a0<strong>Grupos de Ayuda Mutua (GAM SEPA), Espacios de encuentro entre familias y Ocio alternativo para j\u00f3venes<\/strong>.<\/p>\n<p style=\"font-weight: 400;\">Las solicitudes se podr\u00e1n presentar\u00a0<strong>desde el 28 de enero, hasta las 15:00h del 28 de febrero de 2021.<\/strong><\/p>\n<p><a href=\"https:\/\/elastic-antonelli.5-250-189-237.plesk.page\/\/wp-content\/uploads\/2021\/01\/Bases-VI-Convocatoria-Ayudas-Proyectos-Prioritarios.pdf\" target=\"_blank\" rel=\"noopener\">Bases de la convocatoria y formulario de solicitud<\/a><\/p>\n","protected":false},"excerpt":{"rendered":"<p>Fundaci\u00f3n Manantial abre la\u00a0VI\u00a0Convocatoria de Ayudas a Proyectos Prioritarios\u00a0con la que pretende impulsar al movimiento asociativo de familiares y usuarios de salud mental. El principal objetivo es apoyar a las asociaciones para dar una respuesta eficaz a los problemas y necesidades a los que no llega la administraci\u00f3n p\u00fablica. Las ayudas est\u00e1n\u00a0dirigidas a las asociaciones [&hellip;]<\/p>\n","protected":false},"author":1,"featured_media":3396,"comment_status":"closed","ping_status":"closed","sticky":false,"template":"","format":"standard","meta":{"_acf_changed":false,"give_campaign_id":0,"_seopress_robots_primary_cat":"","_seopress_titles_title":"","_seopress_titles_desc":"","_seopress_robots_index":"","footnotes":""},"categories":[34],"tags":[],"class_list":["post-3395","post","type-post","status-publish","format-standard","has-post-thumbnail","hentry","category-noticias-fundacion-manantial"],"acf":[],"_links":{"self":[{"href":"https:\/\/www.fundacionmanantial.org\/en\/wp-json\/wp\/v2\/posts\/3395","targetHints":{"allow":["GET"]}}],"collection":[{"href":"https:\/\/www.fundacionmanantial.org\/en\/wp-json\/wp\/v2\/posts"}],"about":[{"href":"https:\/\/www.fundacionmanantial.org\/en\/wp-json\/wp\/v2\/types\/post"}],"author":[{"embeddable":true,"href":"https:\/\/www.fundacionmanantial.org\/en\/wp-json\/wp\/v2\/users\/1"}],"replies":[{"embeddable":true,"href":"https:\/\/www.fundacionmanantial.org\/en\/wp-json\/wp\/v2\/comments?post=3395"}],"version-history":[{"count":0,"href":"https:\/\/www.fundacionmanantial.org\/en\/wp-json\/wp\/v2\/posts\/3395\/revisions"}],"wp:featuredmedia":[{"embeddable":true,"href":"https:\/\/www.fundacionmanantial.org\/en\/wp-json\/wp\/v2\/media\/3396"}],"wp:attachment":[{"href":"https:\/\/www.fundacionmanantial.org\/en\/wp-json\/wp\/v2\/media?parent=3395"}],"wp:term":[{"taxonomy":"category","embeddable":true,"href":"https:\/\/www.fundacionmanantial.org\/en\/wp-json\/wp\/v2\/categories?post=3395"},{"taxonomy":"post_tag","embeddable":true,"href":"https:\/\/www.fundacionmanantial.org\/en\/wp-json\/wp\/v2\/tags?post=3395"}],"curies":[{"name":"wp","href":"https:\/\/api.w.org\/{rel}","templated":true}]}}