{"id":3393,"date":"2021-01-11T09:25:33","date_gmt":"2021-01-11T08:25:33","guid":{"rendered":"https:\/\/www.fundacionmanantial.org\/carmen-ga-de-gudal-una-vida-dedicada-a-la-dignidad-y-los-derechos-humanos\/"},"modified":"2021-01-11T09:25:33","modified_gmt":"2021-01-11T08:25:33","slug":"carmen-ga-de-gudal-una-vida-dedicada-a-la-dignidad-y-los-derechos-humanos","status":"publish","type":"post","link":"https:\/\/www.fundacionmanantial.org\/en\/carmen-ga-de-gudal-una-vida-dedicada-a-la-dignidad-y-los-derechos-humanos\/","title":{"rendered":"Carmen G\u00aa de G\u00fadal, una vida dedicada a la dignidad y los derechos humanos"},"content":{"rendered":"<p>Tras una vida larga y dedicada a luchar por la dignidad y los derechos humanos de las personas con problemas de salud mental,\u00a0<strong>Carmen Garc\u00eda de G\u00fadal, patrona de Fundaci\u00f3n Manantial,\u00a0ha fallecido este domingo.<\/strong><\/p>\n<p>La que\u00a0fuera primera presidenta del movimiento asociativo en Madrid (Federaci\u00f3n Salud Mental) y presidenta de la Asociaci\u00f3n Salud y Alternativas de Vida ASAV de Legan\u00e9s,\u00a0<strong>vivi\u00f3 los a\u00f1os de los manicomios en\u00a0los que &#8220;el \u00fanico tratamiento psiqui\u00e1trico se reduc\u00eda a la toma de la pastilla&#8221;.\u00a0<\/strong><\/p>\n<p>Cuenta Carmen en el cap\u00edtulo dedicado al movimiento asociativo familiar de la publicaci\u00f3n de la Asociaci\u00f3n Espa\u00f1ola de Neuropsiquiatr\u00eda\u00a0&#8220;Acciones de Salud mental en la comunidad&#8221; (M. Desviat y A. Moreno)\u00a0<strong>la an\u00e9cdota\u00a0de aquella &#8220;santa madre&#8221; que en el antiguo manicomio de Santa Isabel sac\u00f3 en mitad del pasillo un infiernillo y una sart\u00e9n para fre\u00edr\u00a0la comida favorita de su hijo, muy aficionado a los huevos fritos porque all\u00ed no se los daban<\/strong>, o el espanto que le caus\u00f3 la enfermer\u00eda en una de esas visitas que hac\u00eda\u00a0los jueves y domingos a su hermano Vicente, diagnosticado\u00a0de esquizofrenia desde los 18 a\u00f1os,\u00a0<strong>&#8220;una habitaci\u00f3n grande, alta de techo, ventana muy alta con rejas y una puerta provista de una mirilla con una robusta reja&#8221;<\/strong>.\u00a0Era una \u00e9poca en la que\u00a0<strong>&#8220;se ingresaba a los j\u00f3venes en sus primeros brotes psic\u00f3ticos en la adolescencia pasando en estos centros de aislamiento el resto de sus vidas perdidos en el espacio y en el tiempo&#8221;<\/strong>,\u00a0como ella denunciaba.<\/p>\n<p><strong>Carmen dedic\u00f3 todas sus fuerzas &#8220;para que estos pacientes tengan una vida\u00a0digna y se inserten lo m\u00e1s posible en la sociedad&#8221;<\/strong>\u00a0en un momento de carencia de servicios complementarios a la atenci\u00f3n en los centros de salud mental. Firme\u00a0defensora del empleo como una de las principales herramientas de rehabilitaci\u00f3n e inserci\u00f3n social,\u00a0<strong>ha sido una de las principales art\u00edfices\u00a0del impulso del movimiento\u00a0asociativo en\u00a0la Comunidad de Madrid\u00a0tras la reforma psiqui\u00e1trica de 1986, promoviendo la creaci\u00f3n de\u00a0espacios\u00a0para el bienestar de los pacientes y sus familiares.<\/strong>\u00a0En 1995 se incorpora al Patronato de la reci\u00e9n constituida Fundaci\u00f3n Manantial junto con las principales asociaciones de familiares de la Comunidad de Madrid que hoy en d\u00eda contin\u00faan formando parte de nuestro principal \u00f3rgano de gobierno.<\/p>\n<p>Siempre la recordaremos con enorme cari\u00f1o y respeto, y en su memoria quedan\u00a0<strong>los Centros de Atenci\u00f3n Social &#8220;Carmen Garc\u00eda\u00a0de G\u00fadal&#8221;<\/strong>\u00a0que Fundaci\u00f3n Manantial puso en marcha en el a\u00f1o 2012 en Legan\u00e9s y en agradecimiento a toda una vida dedicada a los dem\u00e1s.<\/p>\n","protected":false},"excerpt":{"rendered":"<p>Tras una vida larga y dedicada a luchar por la dignidad y los derechos humanos de las personas con problemas de salud mental,\u00a0Carmen Garc\u00eda de G\u00fadal, patrona de Fundaci\u00f3n Manantial,\u00a0ha fallecido este domingo. La que\u00a0fuera primera presidenta del movimiento asociativo en Madrid (Federaci\u00f3n Salud Mental) y presidenta de la Asociaci\u00f3n Salud y Alternativas de Vida [&hellip;]<\/p>\n","protected":false},"author":1,"featured_media":3394,"comment_status":"closed","ping_status":"closed","sticky":false,"template":"","format":"standard","meta":{"_acf_changed":false,"give_campaign_id":0,"_seopress_robots_primary_cat":"","_seopress_titles_title":"","_seopress_titles_desc":"","_seopress_robots_index":"","footnotes":""},"categories":[34],"tags":[],"class_list":["post-3393","post","type-post","status-publish","format-standard","has-post-thumbnail","hentry","category-noticias-fundacion-manantial"],"acf":[],"_links":{"self":[{"href":"https:\/\/www.fundacionmanantial.org\/en\/wp-json\/wp\/v2\/posts\/3393","targetHints":{"allow":["GET"]}}],"collection":[{"href":"https:\/\/www.fundacionmanantial.org\/en\/wp-json\/wp\/v2\/posts"}],"about":[{"href":"https:\/\/www.fundacionmanantial.org\/en\/wp-json\/wp\/v2\/types\/post"}],"author":[{"embeddable":true,"href":"https:\/\/www.fundacionmanantial.org\/en\/wp-json\/wp\/v2\/users\/1"}],"replies":[{"embeddable":true,"href":"https:\/\/www.fundacionmanantial.org\/en\/wp-json\/wp\/v2\/comments?post=3393"}],"version-history":[{"count":0,"href":"https:\/\/www.fundacionmanantial.org\/en\/wp-json\/wp\/v2\/posts\/3393\/revisions"}],"wp:featuredmedia":[{"embeddable":true,"href":"https:\/\/www.fundacionmanantial.org\/en\/wp-json\/wp\/v2\/media\/3394"}],"wp:attachment":[{"href":"https:\/\/www.fundacionmanantial.org\/en\/wp-json\/wp\/v2\/media?parent=3393"}],"wp:term":[{"taxonomy":"category","embeddable":true,"href":"https:\/\/www.fundacionmanantial.org\/en\/wp-json\/wp\/v2\/categories?post=3393"},{"taxonomy":"post_tag","embeddable":true,"href":"https:\/\/www.fundacionmanantial.org\/en\/wp-json\/wp\/v2\/tags?post=3393"}],"curies":[{"name":"wp","href":"https:\/\/api.w.org\/{rel}","templated":true}]}}