{"id":3392,"date":"2021-01-02T07:00:54","date_gmt":"2021-01-02T06:00:54","guid":{"rendered":"https:\/\/www.fundacionmanantial.org\/la-generalitat-valenciana-apoya-la-creacion-de-empleo-en-manantial-vilamico\/"},"modified":"2021-01-02T07:00:54","modified_gmt":"2021-01-02T06:00:54","slug":"la-generalitat-valenciana-apoya-la-creacion-de-empleo-en-manantial-vilamico","status":"publish","type":"post","link":"https:\/\/www.fundacionmanantial.org\/en\/la-generalitat-valenciana-apoya-la-creacion-de-empleo-en-manantial-vilamico\/","title":{"rendered":"La Generalitat Valenciana apoya la creaci\u00f3n de empleo en Manantial Vilamico"},"content":{"rendered":"<p>La <b><a href=\"http:\/\/www.indi.gva.es\/es\" target=\"_blank\" rel=\"noopener\">Conselleria de Econom\u00eda, Industria, Turismo y Empleo<\/a>,\u00a0<\/b>a trav\u00e9s de\u00a0<b><a href=\"http:\/\/www.labora.gva.es\/\" target=\"_blank\" rel=\"noopener\"><strong>LABORA<\/strong>, Servicio Valenciano de Empleo y Formaci\u00f3n<\/a><\/b>, ha concedido al proyecto de empleo <strong>Manantial Vilamico<\/strong> una\u00a0<strong>subvenci\u00f3n destinada\u00a0al fomento de la ocupaci\u00f3n de personas con diversidad funcional o\u00a0discapacidad<\/strong> en centros especiales de ocupaci\u00f3n y enclaves laborales.<\/p>\n<p>Calificado como Sociedad Limitada Laboral y Centro Especial de Empleo en la Comunidad Valenciana, esta subvenci\u00f3n supone una ayuda para el <strong>mantenimiento de los 15 puestos\u00a0de trabajo creados en Manantial Vilamico,\u00a0<\/strong>un<strong>\u00a0 proyecto pionero de econom\u00eda social de\u00a0producci\u00f3n de champi\u00f1\u00f3n ubicado en Vila-real\u00a0(Castell\u00f3n).<\/strong><\/p>\n<p>Manantial Vilamico ha sido posible gracias al apoyo y apuesta que han mostrado la\u00a0Conselleria de Econom\u00eda Sostenible, Sectores Productivos, Comercio y Trabajo, a trav\u00e9s de sus Direcciones Generales de Emprendimiento y Cooperativismo, Internacionalizaci\u00f3n, y de Empleo y Formaci\u00f3n de LABORA, y desde el\u00a0<a href=\"https:\/\/www.vila-real.es\/\" target=\"_blank\" rel=\"noopener\">Ayuntamiento de Vila-real<\/a>.<\/p>\n<p>&nbsp;<\/p>\n<p>Noticias relacionadas:<\/p>\n<p>https:\/\/elastic-antonelli.5-250-189-237.plesk.page\/sala-de-prensa\/manantial-vilamico-nuevo-proyecto-de-empleo-en-la-comunidad-valenciana\/<\/p>\n<p>&nbsp;<\/p>\n","protected":false},"excerpt":{"rendered":"<p>La Conselleria de Econom\u00eda, Industria, Turismo y Empleo,\u00a0a trav\u00e9s de\u00a0LABORA, Servicio Valenciano de Empleo y Formaci\u00f3n, ha concedido al proyecto de empleo Manantial Vilamico una\u00a0subvenci\u00f3n destinada\u00a0al fomento de la ocupaci\u00f3n de personas con diversidad funcional o\u00a0discapacidad en centros especiales de ocupaci\u00f3n y enclaves laborales. Calificado como Sociedad Limitada Laboral y Centro Especial de Empleo en [&hellip;]<\/p>\n","protected":false},"author":1,"featured_media":0,"comment_status":"closed","ping_status":"closed","sticky":false,"template":"","format":"standard","meta":{"_acf_changed":false,"give_campaign_id":0,"_seopress_robots_primary_cat":"","_seopress_titles_title":"","_seopress_titles_desc":"","_seopress_robots_index":"","footnotes":""},"categories":[34],"tags":[],"class_list":["post-3392","post","type-post","status-publish","format-standard","hentry","category-noticias-fundacion-manantial"],"acf":[],"_links":{"self":[{"href":"https:\/\/www.fundacionmanantial.org\/en\/wp-json\/wp\/v2\/posts\/3392","targetHints":{"allow":["GET"]}}],"collection":[{"href":"https:\/\/www.fundacionmanantial.org\/en\/wp-json\/wp\/v2\/posts"}],"about":[{"href":"https:\/\/www.fundacionmanantial.org\/en\/wp-json\/wp\/v2\/types\/post"}],"author":[{"embeddable":true,"href":"https:\/\/www.fundacionmanantial.org\/en\/wp-json\/wp\/v2\/users\/1"}],"replies":[{"embeddable":true,"href":"https:\/\/www.fundacionmanantial.org\/en\/wp-json\/wp\/v2\/comments?post=3392"}],"version-history":[{"count":0,"href":"https:\/\/www.fundacionmanantial.org\/en\/wp-json\/wp\/v2\/posts\/3392\/revisions"}],"wp:attachment":[{"href":"https:\/\/www.fundacionmanantial.org\/en\/wp-json\/wp\/v2\/media?parent=3392"}],"wp:term":[{"taxonomy":"category","embeddable":true,"href":"https:\/\/www.fundacionmanantial.org\/en\/wp-json\/wp\/v2\/categories?post=3392"},{"taxonomy":"post_tag","embeddable":true,"href":"https:\/\/www.fundacionmanantial.org\/en\/wp-json\/wp\/v2\/tags?post=3392"}],"curies":[{"name":"wp","href":"https:\/\/api.w.org\/{rel}","templated":true}]}}