{"id":11890,"date":"2026-08-31T08:12:15","date_gmt":"2026-08-31T07:12:15","guid":{"rendered":"https:\/\/www.fundacionmanantial.org\/?p=11890"},"modified":"2026-08-31T08:12:15","modified_gmt":"2026-08-31T07:12:15","slug":"inclusion-laboral-y-salud-mental-el-centro-de-rehabilitacion-laboral-leganes-continua-su-colaboracion-con-el-club-deportivo-leganes","status":"publish","type":"post","link":"https:\/\/www.fundacionmanantial.org\/en\/inclusion-laboral-y-salud-mental-el-centro-de-rehabilitacion-laboral-leganes-continua-su-colaboracion-con-el-club-deportivo-leganes\/","title":{"rendered":"Inclusi\u00f3n laboral y salud mental: el Centro de Rehabilitaci\u00f3n Laboral \u201cLegan\u00e9s\u201d contin\u00faa su colaboraci\u00f3n con el Club Deportivo Legan\u00e9s"},"content":{"rendered":"<p class=\"isSelectedEnd\"><strong>El Centro de Rehabilitaci\u00f3n Laboral \u201cLegan\u00e9s\u201d de Fundaci\u00f3n Manantial continuar\u00e1 <a href=\"https:\/\/www.fundacionmanantial.org\/fundacion-manantial-y-el-cd-leganes-juntos-por-la-salud-mental\/\" target=\"_blank\" rel=\"noopener\">colaborando con el Club Deportivo Legan\u00e9s<\/a> a trav\u00e9s de diferentes iniciativas vinculadas a la inclusi\u00f3n laboral, la participaci\u00f3n y la salud mental.<\/strong><\/p>\n<p class=\"isSelectedEnd\">Tras dos temporadas de colaboraci\u00f3n entre Fundaci\u00f3n Manantial y el Club Deportivo Legan\u00e9s, esta temporada comienza una nueva etapa en la que el v\u00ednculo contin\u00faa directamente a trav\u00e9s del Centro de Rehabilitaci\u00f3n Laboral \u201cLegan\u00e9s\u201d.<\/p>\n<p class=\"isSelectedEnd\">La primera acci\u00f3n ya se ha materializado con la creaci\u00f3n de un trofeo elaborado por personas usuarias del centro, que el CD Legan\u00e9s entreg\u00f3 este pasado s\u00e1bado al CD Eldense.<\/p>\n<p class=\"isSelectedEnd\">Esta iniciativa tendr\u00e1 continuidad durante la temporada con la elaboraci\u00f3n de nuevos trofeos destinados a los equipos visitantes que pasen por el estadio Ontime Butarque. Una oportunidad para poner en valor el trabajo y la creatividad de las personas que asisten al centro.<\/p>\n<h2>M\u00e1s acciones junto al CD Legan\u00e9s<\/h2>\n<p class=\"isSelectedEnd\">La colaboraci\u00f3n ir\u00e1 m\u00e1s all\u00e1 de la elaboraci\u00f3n de los trofeos. El Centro de Rehabilitaci\u00f3n Laboral \u201cLegan\u00e9s\u201d continuar\u00e1 participando en la <a href=\"https:\/\/youtu.be\/hLGfy51rQIk\" target=\"_blank\" rel=\"noopener\">iniciativa <strong>\u201cReporteros Manantial\u201d<\/strong><\/a> y est\u00e1 previsto desarrollar nuevas actividades orientadas a favorecer la inclusi\u00f3n laboral de las personas con problemas de salud mental.<\/p>\n<p><iframe title=\"Reporter@s Manantial - Lo que estamos haciendo en el CRL Legan\u00e9s\" width=\"500\" height=\"281\" src=\"https:\/\/www.youtube.com\/embed\/hLGfy51rQIk?feature=oembed\" frameborder=\"0\" allow=\"accelerometer; autoplay; clipboard-write; encrypted-media; gyroscope; picture-in-picture; web-share\" referrerpolicy=\"strict-origin-when-cross-origin\" allowfullscreen><\/iframe><\/p>\n<p class=\"isSelectedEnd\">Estas acciones permiten generar experiencias vinculadas al entorno laboral y comunitario, visibilizar capacidades y crear nuevas oportunidades de participaci\u00f3n en un espacio tan significativo para la ciudad como el CD Legan\u00e9s.<\/p>\n<p class=\"isSelectedEnd\">Desde Fundaci\u00f3n Manantial agradecemos al Club su disposici\u00f3n para seguir abriendo espacios de colaboraci\u00f3n y mantener un compromiso compartido con la inclusi\u00f3n y la salud mental.<\/p>\n<p class=\"isSelectedEnd\"><strong>\u00a1A por todas esta temporada!<\/strong><\/p>\n<p><em>El Centro de Rehabilitaci\u00f3n Laboral \u201cLegan\u00e9s\u201d es un centro concertado con la Comunidad de Madrid y cofinanciado al 40 % por el Fondo Social Europeo (FSE) dentro del Programa FSE+ 2021-2027.<\/em><\/p>\n","protected":false},"excerpt":{"rendered":"<p>El Centro de Rehabilitaci\u00f3n Laboral \u201cLegan\u00e9s\u201d de Fundaci\u00f3n Manantial continuar\u00e1 colaborando con el Club Deportivo Legan\u00e9s a trav\u00e9s de diferentes iniciativas vinculadas a la inclusi\u00f3n laboral, la participaci\u00f3n y la salud mental. Tras dos temporadas de colaboraci\u00f3n entre Fundaci\u00f3n Manantial y el Club Deportivo Legan\u00e9s, esta temporada comienza una nueva etapa en la que el [&hellip;]<\/p>\n","protected":false},"author":7,"featured_media":11892,"comment_status":"closed","ping_status":"closed","sticky":false,"template":"","format":"standard","meta":{"_acf_changed":false,"give_campaign_id":0,"_seopress_titles_title":"El CRL Legan\u00e9s contin\u00faa su colaboraci\u00f3n con el CD Legan\u00e9s esta temporada","_seopress_titles_desc":"El CRL Legan\u00e9s de Fundaci\u00f3n Manantial contin\u00faa colaborando con el CD Legan\u00e9s con trofeos, Reporteros Manantial y acciones de inclusi\u00f3n laboral.","_seopress_robots_index":"","_seopress_robots_follow":"","_seopress_robots_imageindex":"","_seopress_robots_snippet":"","_seopress_robots_primary_cat":"","_seopress_robots_breadcrumbs":"","_seopress_robots_freeze_modified_date":"","_seopress_robots_custom_modified_date":"","_seopress_robots_canonical":"","_seopress_social_fb_title":"","_seopress_social_fb_desc":"","_seopress_social_fb_img":"","_seopress_social_fb_img_attachment_id":0,"_seopress_social_fb_img_width":0,"_seopress_social_fb_img_height":0,"_seopress_social_twitter_title":"","_seopress_social_twitter_desc":"","_seopress_social_twitter_img":"","_seopress_social_twitter_img_attachment_id":0,"_seopress_social_twitter_img_width":0,"_seopress_social_twitter_img_height":0,"_seopress_redirections_value":"","_seopress_redirections_enabled":"","_seopress_redirections_enabled_regex":"","_seopress_redirections_logged_status":"","_seopress_redirections_param":"","_seopress_redirections_type":0,"_seopress_analysis_target_kw":"","footnotes":""},"categories":[34],"tags":[945,1757,1205,1758,85,874,65],"class_list":["post-11890","post","type-post","status-publish","format-standard","has-post-thumbnail","hentry","category-noticias-fundacion-manantial","tag-cd-leganes","tag-centro-de-rehabilitacion-laboral","tag-crl-leganes","tag-deporte-y-salud-mental","tag-fundacion-manantial","tag-inclusion-laboral","tag-salud-mental"],"acf":[],"_links":{"self":[{"href":"https:\/\/www.fundacionmanantial.org\/en\/wp-json\/wp\/v2\/posts\/11890","targetHints":{"allow":["GET"]}}],"collection":[{"href":"https:\/\/www.fundacionmanantial.org\/en\/wp-json\/wp\/v2\/posts"}],"about":[{"href":"https:\/\/www.fundacionmanantial.org\/en\/wp-json\/wp\/v2\/types\/post"}],"author":[{"embeddable":true,"href":"https:\/\/www.fundacionmanantial.org\/en\/wp-json\/wp\/v2\/users\/7"}],"replies":[{"embeddable":true,"href":"https:\/\/www.fundacionmanantial.org\/en\/wp-json\/wp\/v2\/comments?post=11890"}],"version-history":[{"count":1,"href":"https:\/\/www.fundacionmanantial.org\/en\/wp-json\/wp\/v2\/posts\/11890\/revisions"}],"predecessor-version":[{"id":11891,"href":"https:\/\/www.fundacionmanantial.org\/en\/wp-json\/wp\/v2\/posts\/11890\/revisions\/11891"}],"wp:featuredmedia":[{"embeddable":true,"href":"https:\/\/www.fundacionmanantial.org\/en\/wp-json\/wp\/v2\/media\/11892"}],"wp:attachment":[{"href":"https:\/\/www.fundacionmanantial.org\/en\/wp-json\/wp\/v2\/media?parent=11890"}],"wp:term":[{"taxonomy":"category","embeddable":true,"href":"https:\/\/www.fundacionmanantial.org\/en\/wp-json\/wp\/v2\/categories?post=11890"},{"taxonomy":"post_tag","embeddable":true,"href":"https:\/\/www.fundacionmanantial.org\/en\/wp-json\/wp\/v2\/tags?post=11890"}],"curies":[{"name":"wp","href":"https:\/\/api.w.org\/{rel}","templated":true}]}}