{"id":11881,"date":"2026-08-31T12:20:40","date_gmt":"2026-08-31T11:20:40","guid":{"rendered":"https:\/\/www.fundacionmanantial.org\/?p=11881"},"modified":"2026-08-31T12:20:40","modified_gmt":"2026-08-31T11:20:40","slug":"gregorio-bercedo-y-javier-pallares-asumiran-conjuntamente-la-direccion-general-de-fundacion-manantial","status":"publish","type":"post","link":"https:\/\/www.fundacionmanantial.org\/en\/gregorio-bercedo-y-javier-pallares-asumiran-conjuntamente-la-direccion-general-de-fundacion-manantial\/","title":{"rendered":"Gregorio Bercedo y Javier Pallar\u00e9s asumir\u00e1n conjuntamente la Direcci\u00f3n General de Fundaci\u00f3n Manantial"},"content":{"rendered":"<p class=\"isSelectedEnd\">A partir del <strong>1 de septiembre<\/strong>, Fundaci\u00f3n Manantial iniciar\u00e1 una nueva etapa en su Direcci\u00f3n General. <strong>Gregorio Bercedo y Javier Pallar\u00e9s<\/strong> asumir\u00e1n de forma conjunta esta responsabilidad, compartiendo funciones y la representaci\u00f3n de las distintas entidades del grupo.<\/p>\n<p class=\"isSelectedEnd\">Ambos forman parte del actual Comit\u00e9 de Direcci\u00f3n y cuentan con <strong>m\u00e1s de veinte a\u00f1os de trayectoria en Fundaci\u00f3n Manantial<\/strong>. Su amplio conocimiento de la organizaci\u00f3n, de su misi\u00f3n y de los servicios que presta permitir\u00e1 garantizar la continuidad del proyecto y una transici\u00f3n ordenada.<\/p>\n<p class=\"isSelectedEnd\">Esta nueva etapa permitir\u00e1 seguir impulsando la <strong>innovaci\u00f3n<\/strong>, fortaleciendo las <strong>alianzas estrat\u00e9gicas<\/strong> y dando respuesta a los nuevos retos sociales en el \u00e1mbito de la salud mental.<\/p>\n<p>Fundaci\u00f3n Manantial continuar\u00e1 avanzando con el apoyo de su Patronato y con la misma misi\u00f3n que gu\u00eda a la entidad desde hace m\u00e1s de 30 a\u00f1os: <strong>acompa\u00f1ar a las personas, innovar para responder a nuevos retos y seguir construyendo, entre todos y todas, una sociedad m\u00e1s inclusiva y comprometida con la salud mental<\/strong>.<\/p>\n","protected":false},"excerpt":{"rendered":"<p>A partir del 1 de septiembre, Fundaci\u00f3n Manantial iniciar\u00e1 una nueva etapa en su Direcci\u00f3n General. Gregorio Bercedo y Javier Pallar\u00e9s asumir\u00e1n de forma conjunta esta responsabilidad, compartiendo funciones y la representaci\u00f3n de las distintas entidades del grupo. Ambos forman parte del actual Comit\u00e9 de Direcci\u00f3n y cuentan con m\u00e1s de veinte a\u00f1os de trayectoria [&hellip;]<\/p>\n","protected":false},"author":7,"featured_media":11883,"comment_status":"closed","ping_status":"closed","sticky":false,"template":"","format":"standard","meta":{"_acf_changed":false,"give_campaign_id":0,"_seopress_titles_title":"Gregorio Bercedo y Javier Pallar\u00e9s asumir\u00e1n la Direcci\u00f3n General de Fundaci\u00f3n Manantial","_seopress_titles_desc":"Gregorio Bercedo y Javier Pallar\u00e9s asumir\u00e1n conjuntamente la Direcci\u00f3n General de Fundaci\u00f3n Manantial a partir del 1 de septiembre, iniciando una nueva etapa en la organizaci\u00f3n.","_seopress_robots_index":"","_seopress_robots_follow":"","_seopress_robots_imageindex":"","_seopress_robots_snippet":"","_seopress_robots_primary_cat":"","_seopress_robots_breadcrumbs":"","_seopress_robots_freeze_modified_date":"","_seopress_robots_custom_modified_date":"","_seopress_robots_canonical":"","_seopress_social_fb_title":"","_seopress_social_fb_desc":"","_seopress_social_fb_img":"","_seopress_social_fb_img_attachment_id":0,"_seopress_social_fb_img_width":0,"_seopress_social_fb_img_height":0,"_seopress_social_twitter_title":"","_seopress_social_twitter_desc":"","_seopress_social_twitter_img":"","_seopress_social_twitter_img_attachment_id":0,"_seopress_social_twitter_img_width":0,"_seopress_social_twitter_img_height":0,"_seopress_redirections_value":"","_seopress_redirections_enabled":"","_seopress_redirections_enabled_regex":"","_seopress_redirections_logged_status":"","_seopress_redirections_param":"","_seopress_redirections_type":0,"_seopress_analysis_target_kw":"","footnotes":""},"categories":[34],"tags":[1752,1753,1751,1732,85,1754,1733,139,1155,1734,1750,324,65],"class_list":["post-11881","post","type-post","status-publish","format-standard","has-post-thumbnail","hentry","category-noticias-fundacion-manantial","tag-alianzas-estrategicas","tag-atencion-en-salud-mental","tag-comite-de-direccion","tag-direccion-general","tag-fundacion-manantial","tag-fundacion-manantial-2026","tag-gregorio-bercedo","tag-inclusion-social","tag-innovacion-social","tag-javier-pallares","tag-nueva-direccion-general","tag-patronato","tag-salud-mental"],"acf":[],"_links":{"self":[{"href":"https:\/\/www.fundacionmanantial.org\/en\/wp-json\/wp\/v2\/posts\/11881","targetHints":{"allow":["GET"]}}],"collection":[{"href":"https:\/\/www.fundacionmanantial.org\/en\/wp-json\/wp\/v2\/posts"}],"about":[{"href":"https:\/\/www.fundacionmanantial.org\/en\/wp-json\/wp\/v2\/types\/post"}],"author":[{"embeddable":true,"href":"https:\/\/www.fundacionmanantial.org\/en\/wp-json\/wp\/v2\/users\/7"}],"replies":[{"embeddable":true,"href":"https:\/\/www.fundacionmanantial.org\/en\/wp-json\/wp\/v2\/comments?post=11881"}],"version-history":[{"count":1,"href":"https:\/\/www.fundacionmanantial.org\/en\/wp-json\/wp\/v2\/posts\/11881\/revisions"}],"predecessor-version":[{"id":11882,"href":"https:\/\/www.fundacionmanantial.org\/en\/wp-json\/wp\/v2\/posts\/11881\/revisions\/11882"}],"wp:featuredmedia":[{"embeddable":true,"href":"https:\/\/www.fundacionmanantial.org\/en\/wp-json\/wp\/v2\/media\/11883"}],"wp:attachment":[{"href":"https:\/\/www.fundacionmanantial.org\/en\/wp-json\/wp\/v2\/media?parent=11881"}],"wp:term":[{"taxonomy":"category","embeddable":true,"href":"https:\/\/www.fundacionmanantial.org\/en\/wp-json\/wp\/v2\/categories?post=11881"},{"taxonomy":"post_tag","embeddable":true,"href":"https:\/\/www.fundacionmanantial.org\/en\/wp-json\/wp\/v2\/tags?post=11881"}],"curies":[{"name":"wp","href":"https:\/\/api.w.org\/{rel}","templated":true}]}}