{"id":11239,"date":"2026-04-30T12:35:26","date_gmt":"2026-04-30T11:35:26","guid":{"rendered":"https:\/\/www.fundacionmanantial.org\/?p=11239"},"modified":"2026-04-30T12:35:26","modified_gmt":"2026-04-30T11:35:26","slug":"manantial-en-la-comunidad-iniciativas-que-impulsan-la-salud-mental-y-la-inclusion-social-en-abril-de-2026","status":"publish","type":"post","link":"https:\/\/www.fundacionmanantial.org\/en\/manantial-en-la-comunidad-iniciativas-que-impulsan-la-salud-mental-y-la-inclusion-social-en-abril-de-2026\/","title":{"rendered":"Manantial en la comunidad: iniciativas que impulsan la salud mental y la inclusi\u00f3n social en abril de 2026"},"content":{"rendered":"<p data-start=\"190\" data-end=\"532\">Fundaci\u00f3n Manantial contin\u00faa promoviendo iniciativas comunitarias que fomentan el bienestar emocional, la inclusi\u00f3n social y la participaci\u00f3n activa de las personas con problemas de salud mental. A trav\u00e9s de nuestros centros, programas y servicios, desarrollamos actividades que ponen en el centro el encuentro humano y el cuidado compartido.<\/p>\n<h3 data-section-id=\"1roenjh\" data-start=\"534\" data-end=\"573\">Bienestar y conexi\u00f3n con el entorno<\/h3>\n<p data-start=\"575\" data-end=\"932\">En la Residencia Hortaleza, las personas usuarias participaron en una salida a la Granja de San Ildefonso organizada desde el taller de Aire. La jornada permiti\u00f3 disfrutar del entorno natural, recorrer jardines y fuentes monumentales y compartir un d\u00eda lleno de conversaciones, risas y momentos significativos en grupo.<\/p>\n<h3 data-section-id=\"1f03px9\" data-start=\"934\" data-end=\"966\">Cultura y memoria compartida<\/h3>\n<p data-start=\"968\" data-end=\"1336\">En la Vivienda supervisada de Castell\u00f3, las personas residentes asistieron a una recreaci\u00f3n hist\u00f3rica que les permiti\u00f3 acercarse al pasado a trav\u00e9s de un desfile cuidado en detalle. Esta experiencia cultural favoreci\u00f3 la reflexi\u00f3n sobre la memoria colectiva y gener\u00f3 un espacio de inter\u00e9s compartido en torno a la historia y sus aprendizajes.<\/p>\n<h3 data-section-id=\"12g1avi\" data-start=\"1338\" data-end=\"1389\">Arte y participaci\u00f3n en espacios universitarios<\/h3>\n<p data-start=\"1391\" data-end=\"1821\">El Centro de Rehabilitaci\u00f3n Laboral &#8220;Legan\u00e9s&#8221; particip\u00f3 en la 3\u00aa edici\u00f3n de la exposici\u00f3n art\u00edstico-pedag\u00f3gica <em data-start=\"1503\" data-end=\"1520\">Ense\u00f1ar el Arte<\/em>, celebrada en la Universidad Complutense. Bajo el lema \u201c\u00bfQu\u00e9 significa ser humano?\u201d, las personas usuarias compartieron sus obras y explicaron la t\u00e9cnica del fotobordado, generando un di\u00e1logo en torno a la creatividad, la vulnerabilidad y la expresi\u00f3n art\u00edstica.<\/p>\n<h3 data-section-id=\"9rxbuj\" data-start=\"1823\" data-end=\"1874\">Encuentro y bienestar a trav\u00e9s de la fotograf\u00eda<\/h3>\n<p data-start=\"1876\" data-end=\"2232\">Desde el Centro de Rehabilitaci\u00f3n Laboral &#8220;San Blas&#8221; se organiz\u00f3 una salida a Madrid R\u00edo en el marco del grupo de fotograf\u00eda, en la que participaron tambi\u00e9n estudiantes de Terapia Ocupacional y personas del Centro de D\u00eda. M\u00e1s all\u00e1 de la actividad fotogr\u00e1fica, la jornada se convirti\u00f3 en un espacio de convivencia, conversaci\u00f3n y disfrute compartido.<\/p>\n<h3 data-section-id=\"qf7zc4\" data-start=\"2234\" data-end=\"2283\">Arte, comunidad y encuentro intergeneracional<\/h3>\n<p data-start=\"2285\" data-end=\"2709\">El grupo Desatando Nudos del Centro de D\u00eda &#8220;San Blas&#8221; continu\u00f3 impulsando iniciativas que conectan arte e inclusi\u00f3n social. A trav\u00e9s del proyecto <em data-start=\"2429\" data-end=\"2457\">La ni\u00f1a que bordaba letras<\/em>, se gener\u00f3 un encuentro intergeneracional en colaboraci\u00f3n con la Residencia de Mayores Bouco, donde se reflexion\u00f3 sobre el papel de la mujer y la importancia de seguir avanzando hacia una sociedad m\u00e1s igualitaria.<\/p>\n<p data-start=\"2711\" data-end=\"2860\">Peque\u00f1as acciones que generan comunidad, fortalecen v\u00ednculos y contribuyen a construir una sociedad m\u00e1s inclusiva y comprometida con la salud mental.<\/p>\n<p data-start=\"2862\" data-end=\"3018\">Nuestro trabajo no se entender\u00eda sin la colaboraci\u00f3n y participaci\u00f3n en red. Seguimos trabajando por la inclusi\u00f3n de personas con problemas de salud mental.<\/p>\n<p data-start=\"3020\" data-end=\"3068\">\ud83d\udd17 <a href=\"https:\/\/www.fundacionmanantial.org\/wp-content\/uploads\/2026\/04\/Boletin-Abril-2026.pdf\" target=\"_blank\" rel=\"noopener\">Leer \u201cManantial en la comunidad &#8211; abril 2026\u201d<\/a><\/p>\n","protected":false},"excerpt":{"rendered":"<p>Fundaci\u00f3n Manantial contin\u00faa promoviendo iniciativas comunitarias que fomentan el bienestar emocional, la inclusi\u00f3n social y la participaci\u00f3n activa de las personas con problemas de salud mental. A trav\u00e9s de nuestros centros, programas y servicios, desarrollamos actividades que ponen en el centro el encuentro humano y el cuidado compartido. Bienestar y conexi\u00f3n con el entorno En [&hellip;]<\/p>\n","protected":false},"author":7,"featured_media":11243,"comment_status":"closed","ping_status":"closed","sticky":false,"template":"","format":"standard","meta":{"_acf_changed":false,"give_campaign_id":0,"_seopress_robots_primary_cat":"none","_seopress_titles_title":"Manantial en la comunidad: actividades de salud mental e inclusi\u00f3n social en abril de 2026","_seopress_titles_desc":"Fundaci\u00f3n Manantial impulsa en abril iniciativas comunitarias centradas en salud mental, arte, cultura, bienestar y participaci\u00f3n social en distintos centros.","_seopress_robots_index":"","footnotes":""},"categories":[34],"tags":[1015,1336,880,1643,124,1205,1642,1641,458,85,139,957,1134,1204,1613,65,1229,1644],"class_list":["post-11239","post","type-post","status-publish","format-standard","has-post-thumbnail","hentry","category-noticias-fundacion-manantial","tag-actividades-comunitarias","tag-arte-y-salud-mental","tag-bienestar-emocional","tag-castello","tag-comunidad","tag-crl-leganes","tag-crl-san-blas","tag-cultura-y-comunidad","tag-desatando-nudos","tag-fundacion-manantial","tag-inclusion-social","tag-intervencion-social","tag-participacion-social","tag-rehabilitacion-psicosocial","tag-residencia-hortaleza","tag-salud-mental","tag-salud-mental-comunitaria","tag-universidad-complutense"],"acf":[],"_links":{"self":[{"href":"https:\/\/www.fundacionmanantial.org\/en\/wp-json\/wp\/v2\/posts\/11239","targetHints":{"allow":["GET"]}}],"collection":[{"href":"https:\/\/www.fundacionmanantial.org\/en\/wp-json\/wp\/v2\/posts"}],"about":[{"href":"https:\/\/www.fundacionmanantial.org\/en\/wp-json\/wp\/v2\/types\/post"}],"author":[{"embeddable":true,"href":"https:\/\/www.fundacionmanantial.org\/en\/wp-json\/wp\/v2\/users\/7"}],"replies":[{"embeddable":true,"href":"https:\/\/www.fundacionmanantial.org\/en\/wp-json\/wp\/v2\/comments?post=11239"}],"version-history":[{"count":1,"href":"https:\/\/www.fundacionmanantial.org\/en\/wp-json\/wp\/v2\/posts\/11239\/revisions"}],"predecessor-version":[{"id":11242,"href":"https:\/\/www.fundacionmanantial.org\/en\/wp-json\/wp\/v2\/posts\/11239\/revisions\/11242"}],"wp:featuredmedia":[{"embeddable":true,"href":"https:\/\/www.fundacionmanantial.org\/en\/wp-json\/wp\/v2\/media\/11243"}],"wp:attachment":[{"href":"https:\/\/www.fundacionmanantial.org\/en\/wp-json\/wp\/v2\/media?parent=11239"}],"wp:term":[{"taxonomy":"category","embeddable":true,"href":"https:\/\/www.fundacionmanantial.org\/en\/wp-json\/wp\/v2\/categories?post=11239"},{"taxonomy":"post_tag","embeddable":true,"href":"https:\/\/www.fundacionmanantial.org\/en\/wp-json\/wp\/v2\/tags?post=11239"}],"curies":[{"name":"wp","href":"https:\/\/api.w.org\/{rel}","templated":true}]}}