{"id":11229,"date":"2026-04-29T12:25:18","date_gmt":"2026-04-29T11:25:18","guid":{"rendered":"https:\/\/www.fundacionmanantial.org\/?p=11229"},"modified":"2026-04-29T12:27:13","modified_gmt":"2026-04-29T11:27:13","slug":"fundacion-manantial-y-axa-de-todo-corazon-firman-un-convenio-para-impulsar-el-voluntariado-corporativo-con-enfoque-ambiental","status":"publish","type":"post","link":"https:\/\/www.fundacionmanantial.org\/en\/fundacion-manantial-y-axa-de-todo-corazon-firman-un-convenio-para-impulsar-el-voluntariado-corporativo-con-enfoque-ambiental\/","title":{"rendered":"Fundaci\u00f3n Manantial y AXA de Todo Coraz\u00f3n firman un convenio para impulsar el voluntariado corporativo con enfoque ambiental"},"content":{"rendered":"<p data-start=\"130\" data-end=\"486\">Fundaci\u00f3n Manantial ha firmado un <strong data-start=\"164\" data-end=\"216\">convenio de colaboraci\u00f3n con <a href=\"https:\/\/www.axa.es\/voluntariado\" target=\"_blank\" rel=\"noopener\">AXA de Todo Coraz\u00f3n<\/a><\/strong> para el desarrollo de <strong data-start=\"239\" data-end=\"279\">acciones de voluntariado corporativo<\/strong> a lo largo del a\u00f1o. Esta alianza contempla la realizaci\u00f3n de entre <strong data-start=\"347\" data-end=\"383\">dos y cuatro actividades anuales<\/strong>, centradas en la <strong data-start=\"401\" data-end=\"453\">protecci\u00f3n animal y la sensibilizaci\u00f3n ambiental<\/strong>, como eje com\u00fan de intervenci\u00f3n.<\/p>\n<p data-start=\"488\" data-end=\"945\">La primera actividad en el marco de este acuerdo tuvo lugar el 19 de abril, con una jornada de <strong data-start=\"594\" data-end=\"629\">anillamiento cient\u00edfico de aves<\/strong> en las inmediaciones del <strong data-start=\"655\" data-end=\"706\">Embalse de Pedrezuela, en Guadalix de la Sierra<\/strong>. La iniciativa reuni\u00f3 a <strong data-start=\"731\" data-end=\"765\">17 personas voluntarias de AXA<\/strong> y <strong data-start=\"768\" data-end=\"851\">personas participantes de Fundaci\u00f3n Manantial procedentes de distintos recursos<\/strong>, en una experiencia conjunta de aprendizaje, participaci\u00f3n y contacto con el entorno natural.<\/p>\n<h3 data-section-id=\"1bjk7pn\" data-start=\"947\" data-end=\"989\">Ciencia, naturaleza e inclusi\u00f3n social<\/h3>\n<p data-start=\"991\" data-end=\"1429\">La actividad fue guiada por ornit\u00f3logos especializados de <strong data-start=\"1019\" data-end=\"1069\"><a href=\"https:\/\/asociacionalula.org\/\" target=\"_blank\" rel=\"noopener\">\u00c1lula<\/a><\/strong>, quienes acompa\u00f1aron al grupo en el proceso de <strong data-start=\"1117\" data-end=\"1189\">captura, identificaci\u00f3n y anillamiento de distintas especies de aves<\/strong>, como pinzones, zarceros, mirlos, jilgueros o currucas. Este tipo de acciones contribuyen a <strong data-start=\"1282\" data-end=\"1351\">estudios cient\u00edficos sobre migraci\u00f3n y seguimiento de poblaciones<\/strong>, al tiempo que permiten acercar la ciencia a la ciudadan\u00eda de forma pr\u00e1ctica.<\/p>\n<p data-start=\"1431\" data-end=\"1719\">Durante la jornada, las personas participantes tambi\u00e9n realizaron un recorrido por la zona del embalse, donde pudieron observar fauna aut\u00f3ctona \u2014aves y peces\u2014 utilizando prism\u00e1ticos y telescopios terrestres, favoreciendo el conocimiento del entorno y la sensibilizaci\u00f3n ambiental.<\/p>\n<h3 data-section-id=\"o3ncv6\" data-start=\"1721\" data-end=\"1780\">Voluntariado corporativo con impacto social y ambiental<\/h3>\n<p data-start=\"1782\" data-end=\"2163\">La actividad se desarroll\u00f3 en horario de ma\u00f1ana y finaliz\u00f3 con un espacio compartido entre todas las personas participantes. M\u00e1s all\u00e1 del componente t\u00e9cnico, la jornada permiti\u00f3 generar un entorno de colaboraci\u00f3n entre profesionales de empresa y personas vinculadas a distintos programas de Fundaci\u00f3n Manantial, reforzando la participaci\u00f3n en actividades comunitarias normalizadas.<\/p>\n<p data-start=\"2165\" data-end=\"2479\">Este convenio con AXA de Todo Coraz\u00f3n refuerza el compromiso de Fundaci\u00f3n Manantial con la <strong data-start=\"2256\" data-end=\"2359\">generaci\u00f3n de alianzas que promueven la inclusi\u00f3n social, el bienestar y la conexi\u00f3n con el entorno<\/strong>, integrando la sostenibilidad y la protecci\u00f3n de la biodiversidad como elementos clave en las acciones de voluntariado.<\/p>\n","protected":false},"excerpt":{"rendered":"<p>Fundaci\u00f3n Manantial ha firmado un convenio de colaboraci\u00f3n con AXA de Todo Coraz\u00f3n para el desarrollo de acciones de voluntariado corporativo a lo largo del a\u00f1o. Esta alianza contempla la realizaci\u00f3n de entre dos y cuatro actividades anuales, centradas en la protecci\u00f3n animal y la sensibilizaci\u00f3n ambiental, como eje com\u00fan de intervenci\u00f3n. La primera actividad [&hellip;]<\/p>\n","protected":false},"author":7,"featured_media":11233,"comment_status":"closed","ping_status":"closed","sticky":false,"template":"","format":"standard","meta":{"_acf_changed":false,"give_campaign_id":0,"_seopress_robots_primary_cat":"none","_seopress_titles_title":"Fundaci\u00f3n Manantial y AXA impulsan el voluntariado corporativo con una jornada de anillamiento de aves","_seopress_titles_desc":"Fundaci\u00f3n Manantial firma un convenio con AXA de Todo Coraz\u00f3n para desarrollar actividades de voluntariado corporativo. La primera acci\u00f3n ha sido una jornada de anillamiento cient\u00edfico de aves en Pedrezuela.","_seopress_robots_index":"","footnotes":""},"categories":[34],"tags":[1637,1636,1530,1640,85,1638,139,114,1639,65,919,481],"class_list":["post-11229","post","type-post","status-publish","format-standard","has-post-thumbnail","hentry","category-noticias-fundacion-manantial","tag-anillamiento-de-aves","tag-axa-de-todo-corazon","tag-biodiversidad","tag-colaboracion-empresas-ong","tag-fundacion-manantial","tag-guadalix-de-la-sierra","tag-inclusion-social","tag-medio-ambiente","tag-pedrezuela","tag-salud-mental","tag-sensibilizacion-ambiental","tag-voluntariado-corporativo"],"acf":[],"_links":{"self":[{"href":"https:\/\/www.fundacionmanantial.org\/en\/wp-json\/wp\/v2\/posts\/11229","targetHints":{"allow":["GET"]}}],"collection":[{"href":"https:\/\/www.fundacionmanantial.org\/en\/wp-json\/wp\/v2\/posts"}],"about":[{"href":"https:\/\/www.fundacionmanantial.org\/en\/wp-json\/wp\/v2\/types\/post"}],"author":[{"embeddable":true,"href":"https:\/\/www.fundacionmanantial.org\/en\/wp-json\/wp\/v2\/users\/7"}],"replies":[{"embeddable":true,"href":"https:\/\/www.fundacionmanantial.org\/en\/wp-json\/wp\/v2\/comments?post=11229"}],"version-history":[{"count":3,"href":"https:\/\/www.fundacionmanantial.org\/en\/wp-json\/wp\/v2\/posts\/11229\/revisions"}],"predecessor-version":[{"id":11236,"href":"https:\/\/www.fundacionmanantial.org\/en\/wp-json\/wp\/v2\/posts\/11229\/revisions\/11236"}],"wp:featuredmedia":[{"embeddable":true,"href":"https:\/\/www.fundacionmanantial.org\/en\/wp-json\/wp\/v2\/media\/11233"}],"wp:attachment":[{"href":"https:\/\/www.fundacionmanantial.org\/en\/wp-json\/wp\/v2\/media?parent=11229"}],"wp:term":[{"taxonomy":"category","embeddable":true,"href":"https:\/\/www.fundacionmanantial.org\/en\/wp-json\/wp\/v2\/categories?post=11229"},{"taxonomy":"post_tag","embeddable":true,"href":"https:\/\/www.fundacionmanantial.org\/en\/wp-json\/wp\/v2\/tags?post=11229"}],"curies":[{"name":"wp","href":"https:\/\/api.w.org\/{rel}","templated":true}]}}