{"id":11216,"date":"2026-04-27T08:47:23","date_gmt":"2026-04-27T07:47:23","guid":{"rendered":"https:\/\/www.fundacionmanantial.org\/?p=11216"},"modified":"2026-04-27T08:47:23","modified_gmt":"2026-04-27T07:47:23","slug":"arranca-literariamente-2026-el-ciclo-de-conversaciones-sobre-literatura-y-salud-mental","status":"publish","type":"post","link":"https:\/\/www.fundacionmanantial.org\/en\/arranca-literariamente-2026-el-ciclo-de-conversaciones-sobre-literatura-y-salud-mental\/","title":{"rendered":"Arranca \u201cLiterariamente 2026\u201d, el ciclo de conversaciones sobre literatura y salud mental"},"content":{"rendered":"<h2 data-section-id=\"1k9yh3q\" data-start=\"224\" data-end=\"328\">Fundaci\u00f3n Manantial, la Librer\u00eda Alberti y el Hospital Ram\u00f3n y Cajal impulsan la cuarta edici\u00f3n del ciclo<\/h2>\n<p data-start=\"330\" data-end=\"600\"><a href=\"https:\/\/www.fundacionmanantial.org\/\" target=\"_blank\" rel=\"noopener\">Fundaci\u00f3n Manantial<\/a>, la <a href=\"https:\/\/www.libreriaalberti.com\/\" target=\"_blank\" rel=\"noopener\">Librer\u00eda Rafael Alberti<\/a> y el <a href=\"https:\/\/www.comunidad.madrid\/hospital\/ramonycajal\/\" target=\"_blank\" rel=\"noopener\">Hospital Universitario Ram\u00f3n y Cajal<\/a>, con el patrocinio de <a href=\"https:\/\/www.jnj.com\/\" target=\"_blank\" rel=\"noopener\">Johnson &amp; Johnson<\/a>, presentan una nueva edici\u00f3n de <strong data-start=\"492\" data-end=\"512\">\u201cLiterariamente\u201d<\/strong>, el ciclo de conversaciones sobre literatura y salud mental que se celebra en Madrid.<\/p>\n<p data-start=\"602\" data-end=\"845\">En su cuarta edici\u00f3n, este proyecto se consolida como un espacio de referencia para el di\u00e1logo entre cultura y bienestar emocional, reuniendo a escritores\/as, profesionales de la salud mental y p\u00fablico general en un entorno abierto y accesible.<\/p>\n<h2 data-section-id=\"1kdjk14\" data-start=\"847\" data-end=\"917\">Un espacio de encuentro entre literatura y salud mental<\/h2>\n<p data-start=\"919\" data-end=\"1148\">\u201cLiterariamente\u201d nace con el objetivo de generar un <strong>espacio de reflexi\u00f3n<\/strong> compartida donde explorar c\u00f3mo la literatura contribuye a la comprensi\u00f3n, expresi\u00f3n y acompa\u00f1amiento de las experiencias relacionadas con la salud mental.<\/p>\n<p data-start=\"1150\" data-end=\"1340\">El ciclo promueve el valor de la cultura como herramienta para la <strong>concienciaci\u00f3n, la reducci\u00f3n del estigma y la creaci\u00f3n de espacios donde poder hablar, escuchar y compartir experiencias.<\/strong><\/p>\n<p data-start=\"1342\" data-end=\"1529\">A lo largo de sus sesiones, participar\u00e1n autores\/as, psiquiatras, psic\u00f3logos\/as y otros profesionales de reconocido prestigio, aportando una mirada interdisciplinar sobre distintas tem\u00e1ticas.<\/p>\n<h2 data-section-id=\"1rutywc\" data-start=\"1531\" data-end=\"1593\">Programa de \u201cLiterariamente 2026\u201d: fechas y participantes<\/h2>\n<p data-start=\"1595\" data-end=\"1868\">El ciclo arranca el pr\u00f3ximo <strong data-start=\"1623\" data-end=\"1654\">7 de mayo a las 19:00 horas<\/strong> en la Librer\u00eda Rafael Alberti (Calle del Tutor, 57. Madrid) con el encuentro <strong data-start=\"1732\" data-end=\"1768\">\u201cLos suicidas del fin del mundo\u201d<\/strong>, que contar\u00e1 con la participaci\u00f3n de la escritora y periodista <a href=\"https:\/\/www.anagrama-ed.es\/autor\/guerriero-leila-1328\" target=\"_blank\" rel=\"noopener\">Leila Guerriero<\/a> y la psiquiatra <a href=\"https:\/\/es.linkedin.com\/in\/mercedes-nav%C3%ADo-acosta-36898850\" target=\"_blank\" rel=\"noopener\">Mercedes Nav\u00edo<\/a>.<\/p>\n<p data-start=\"1870\" data-end=\"1931\">El programa de 2026 continuar\u00e1 con las siguientes sesiones:<\/p>\n<ul data-start=\"1933\" data-end=\"2286\">\n<li data-section-id=\"yacsu7\" data-start=\"1933\" data-end=\"2011\"><strong data-start=\"1935\" data-end=\"1951\">18 de junio:<\/strong> <em data-start=\"1952\" data-end=\"1972\">El yo es un relato<\/em>, con David Trueba y Guillermo Lahera<\/li>\n<li data-section-id=\"7lsugg\" data-start=\"2012\" data-end=\"2140\"><strong data-start=\"2014\" data-end=\"2035\">10 de septiembre:<\/strong> <em data-start=\"2036\" data-end=\"2091\">El delirio como pr\u00e1ctica no normativa del pensamiento<\/em>, con Nuria Labari, Sara Torres y David Fraguas<\/li>\n<li data-section-id=\"1kae1mu\" data-start=\"2141\" data-end=\"2286\"><strong data-start=\"2143\" data-end=\"2161\">20 de octubre:<\/strong> <em data-start=\"2162\" data-end=\"2189\">Mente, evoluci\u00f3n y relato<\/em>, con Juan Luis Arsuaga, Rosa Molina y Patricia Fern\u00e1ndez<\/li>\n<\/ul>\n<h2 data-section-id=\"13o0ldc\" data-start=\"2288\" data-end=\"2350\">C\u00f3mo asistir a Literariamente 2026 en la Librer\u00eda Alberti<\/h2>\n<p data-start=\"2352\" data-end=\"2494\">Los encuentros de \u201cLiterariamente 2026\u201d son de <strong data-start=\"2399\" data-end=\"2437\">acceso libre hasta completar aforo<\/strong> y se celebran en la Librer\u00eda Rafael Alberti de Madrid.<\/p>\n<p data-start=\"2496\" data-end=\"2685\">Adem\u00e1s, todas las sesiones podr\u00e1n seguirse en directo a trav\u00e9s del <a href=\"https:\/\/www.instagram.com\/libreriaalberti\/\" target=\"_blank\" rel=\"noopener\">perfil de Instagram de la librer\u00eda<\/a>, facilitando el acceso a un p\u00fablico m\u00e1s amplio.<\/p>\n<h2 data-section-id=\"558l4g\" data-start=\"2687\" data-end=\"2754\">Un ciclo consolidado que conecta cultura y bienestar emocional<\/h2>\n<p data-start=\"2756\" data-end=\"2965\">Con esta cuarta edici\u00f3n, \u201cLiterariamente\u201d reafirma su apuesta por generar espacios de encuentro donde la literatura y la salud mental dialogan desde la escucha, la reflexi\u00f3n y el intercambio de experiencias.<\/p>\n<p data-start=\"2967\" data-end=\"3116\">Una iniciativa que sigue creciendo y que pone el foco en el valor de la cultura para comprender mejor lo que nos ocurre y compartirlo en comunidad.<\/p>\n<p data-start=\"3118\" data-end=\"3234\"><em>* \u201cLiterariamente\u201d, marca registrada, utilizada con el benepl\u00e1cito de su propietario, Mariano Hern\u00e1ndez Monsalve.<\/em><\/p>\n","protected":false},"excerpt":{"rendered":"<p>Fundaci\u00f3n Manantial, la Librer\u00eda Alberti y el Hospital Ram\u00f3n y Cajal impulsan la cuarta edici\u00f3n del ciclo Fundaci\u00f3n Manantial, la Librer\u00eda Rafael Alberti y el Hospital Universitario Ram\u00f3n y Cajal, con el patrocinio de Johnson &amp; Johnson, presentan una nueva edici\u00f3n de \u201cLiterariamente\u201d, el ciclo de conversaciones sobre literatura y salud mental que se celebra [&hellip;]<\/p>\n","protected":false},"author":7,"featured_media":11221,"comment_status":"closed","ping_status":"closed","sticky":false,"template":"","format":"standard","meta":{"_acf_changed":false,"give_campaign_id":0,"_seopress_robots_primary_cat":"none","_seopress_titles_title":"Literariamente 2026: ciclo de literatura y salud mental en la Librer\u00eda Alberti de Madrid","_seopress_titles_desc":"Fundaci\u00f3n Manantial presenta Literariamente 2026, un ciclo de conversaciones sobre literatura y salud mental en la Librer\u00eda Alberti de Madrid, con autores y profesionales destacados.","_seopress_robots_index":"","footnotes":""},"categories":[34],"tags":[1629,418,1628,85,1127,1630,450,1627,1006,1125,65],"class_list":["post-11216","post","type-post","status-publish","format-standard","has-post-thumbnail","hentry","category-noticias-fundacion-manantial","tag-ciclo-de-conferencias","tag-cultura","tag-eventos-madrid","tag-fundacion-manantial","tag-hospital-ramon-y-cajal","tag-leila-guerriero","tag-libreria-alberti","tag-literariamente-2026","tag-literatura-y-salud-mental","tag-mercedes-navio","tag-salud-mental"],"acf":[],"_links":{"self":[{"href":"https:\/\/www.fundacionmanantial.org\/en\/wp-json\/wp\/v2\/posts\/11216","targetHints":{"allow":["GET"]}}],"collection":[{"href":"https:\/\/www.fundacionmanantial.org\/en\/wp-json\/wp\/v2\/posts"}],"about":[{"href":"https:\/\/www.fundacionmanantial.org\/en\/wp-json\/wp\/v2\/types\/post"}],"author":[{"embeddable":true,"href":"https:\/\/www.fundacionmanantial.org\/en\/wp-json\/wp\/v2\/users\/7"}],"replies":[{"embeddable":true,"href":"https:\/\/www.fundacionmanantial.org\/en\/wp-json\/wp\/v2\/comments?post=11216"}],"version-history":[{"count":2,"href":"https:\/\/www.fundacionmanantial.org\/en\/wp-json\/wp\/v2\/posts\/11216\/revisions"}],"predecessor-version":[{"id":11220,"href":"https:\/\/www.fundacionmanantial.org\/en\/wp-json\/wp\/v2\/posts\/11216\/revisions\/11220"}],"wp:featuredmedia":[{"embeddable":true,"href":"https:\/\/www.fundacionmanantial.org\/en\/wp-json\/wp\/v2\/media\/11221"}],"wp:attachment":[{"href":"https:\/\/www.fundacionmanantial.org\/en\/wp-json\/wp\/v2\/media?parent=11216"}],"wp:term":[{"taxonomy":"category","embeddable":true,"href":"https:\/\/www.fundacionmanantial.org\/en\/wp-json\/wp\/v2\/categories?post=11216"},{"taxonomy":"post_tag","embeddable":true,"href":"https:\/\/www.fundacionmanantial.org\/en\/wp-json\/wp\/v2\/tags?post=11216"}],"curies":[{"name":"wp","href":"https:\/\/api.w.org\/{rel}","templated":true}]}}