{"id":11050,"date":"2026-03-16T11:17:09","date_gmt":"2026-03-16T10:17:09","guid":{"rendered":"https:\/\/www.fundacionmanantial.org\/?p=11050"},"modified":"2026-03-16T11:52:33","modified_gmt":"2026-03-16T10:52:33","slug":"fundacion-manantial-participa-en-factoria-de-talento-para-mostrar-el-trabajo-de-nuestro-proyecto-rayadas","status":"publish","type":"post","link":"https:\/\/www.fundacionmanantial.org\/en\/fundacion-manantial-participa-en-factoria-de-talento-para-mostrar-el-trabajo-de-nuestro-proyecto-rayadas\/","title":{"rendered":"Fundaci\u00f3n Manantial participa en Factor\u00eda de Talento con el proyecto #Rayadas de prevenci\u00f3n en salud mental de las personas j\u00f3venes"},"content":{"rendered":"<p data-start=\"109\" data-end=\"470\">Fundaci\u00f3n Manantial ha participado en una nueva sesi\u00f3n del programa <a href=\"https:\/\/factoriatalento.es\/\" target=\"_blank\" rel=\"noopener\"><strong data-start=\"189\" data-end=\"212\">Factor\u00eda de Talento<\/strong><\/a>, una iniciativa impulsada por la Asociaci\u00f3n para el Impulso del Talento Joven que, desde 2021, trabaja para reducir la <strong>brecha entre el mundo acad\u00e9mico y el laboral<\/strong> ofreciendo <strong>formaci\u00f3n complementaria a j\u00f3venes<\/strong> a trav\u00e9s de profesionales de distintos \u00e1mbitos.<\/p>\n<p data-start=\"472\" data-end=\"809\">En el marco de este programa, que incluye encuentros motivacionales con referentes de diferentes sectores, <strong data-start=\"579\" data-end=\"596\">Elena Biurrun<\/strong>, directora general de Fundaci\u00f3n Manantial, particip\u00f3 como ponente para compartir su trayectoria profesional y explicar el trabajo que desarrolla la entidad en el \u00e1mbito de la salud mental y la inclusi\u00f3n social.<\/p>\n<p data-start=\"811\" data-end=\"1075\">En esta ocasi\u00f3n estuvo acompa\u00f1ada por <strong data-start=\"849\" data-end=\"867\">Raquel del Amo<\/strong>, directora del \u00e1rea infanto-juvenil de Fundaci\u00f3n Manantial, que present\u00f3 el proyecto <a href=\"https:\/\/www.fundacionmanantial.org\/proyectos-para-hacer-frente-al-dolor-de-los-adolescentes-rayadas-en-el-mundo\/\" target=\"_blank\" rel=\"noopener\"><strong data-start=\"959\" data-end=\"971\">#Rayadas<\/strong><\/a>, una iniciativa centrada en el cuidado del bienestar emocional de adolescentes en el entorno educativo.<\/p>\n<p data-start=\"1077\" data-end=\"1705\">Durante el encuentro, Raquel abord\u00f3 algunos de los principales retos que afrontan los j\u00f3venes en relaci\u00f3n con su salud mental y explic\u00f3 c\u00f3mo <strong data-start=\"1223\" data-end=\"1235\">#Rayadas<\/strong> trabaja desde una perspectiva preventiva y cercana, generando <strong>espacios en los que los adolescentes puedan hablar abiertamente de lo que les preocupa, identificar su malestar emocional y conocer d\u00f3nde pedir ayuda.<\/strong> El programa tambi\u00e9n pone el foco en cuestiones especialmente relevantes para esta etapa vital, como la <strong>gesti\u00f3n de las emociones o el uso responsable de las redes sociales<\/strong>, utilizando metodolog\u00edas participativas y un lenguaje adaptado a las personas j\u00f3venes.<\/p>\n<p data-start=\"1707\" data-end=\"1959\">El proyecto <strong data-start=\"1719\" data-end=\"1731\">#Rayadas<\/strong> est\u00e1 desarroll\u00e1ndose este curso con alumnado de <strong data-start=\"1892\" data-end=\"1958\">3\u00ba de ESO en tres centros educativos de la Comunidad de Madrid <\/strong>gracias a la\u00a0con la colaboraci\u00f3n de <a href=\"https:\/\/www.fundacionmanantial.org\/fundacion-manantial-y-volvo-group-espana-se-alian-para-promover-la-salud-mental-en-la-juventud\/\" target=\"_blank\" rel=\"noopener\"><strong data-start=\"1771\" data-end=\"1786\">Volvo Group<\/strong><\/a> y <a href=\"https:\/\/www.fundacionmanantial.org\/fundacion-manantial-y-correos-colaboran-para-mejorar-la-salud-mental-de-las-personas-jovenes\/\" target=\"_blank\" rel=\"noopener\"><strong data-start=\"1789\" data-end=\"1800\">Correos <\/strong><\/a>(a trav\u00e9s de <strong data-start=\"1814\" data-end=\"1826\">Worldcoo<\/strong>).<\/p>\n<p data-start=\"1961\" data-end=\"2213\">La participaci\u00f3n en espacios como <strong data-start=\"1995\" data-end=\"2018\">Factor\u00eda de Talento<\/strong> permite a Fundaci\u00f3n Manantial acercar la conversaci\u00f3n sobre salud mental a las nuevas generaciones y seguir impulsando <strong>iniciativas de prevenci\u00f3n y concienciaci\u00f3n<\/strong>.<\/p>\n","protected":false},"excerpt":{"rendered":"<p>Fundaci\u00f3n Manantial ha participado en una nueva sesi\u00f3n del programa Factor\u00eda de Talento, una iniciativa impulsada por la Asociaci\u00f3n para el Impulso del Talento Joven que, desde 2021, trabaja para reducir la brecha entre el mundo acad\u00e9mico y el laboral ofreciendo formaci\u00f3n complementaria a j\u00f3venes a trav\u00e9s de profesionales de distintos \u00e1mbitos. En el marco [&hellip;]<\/p>\n","protected":false},"author":7,"featured_media":11054,"comment_status":"closed","ping_status":"closed","sticky":false,"template":"","format":"standard","meta":{"_acf_changed":false,"give_campaign_id":0,"_seopress_robots_primary_cat":"none","_seopress_titles_title":"Fundaci\u00f3n Manantial participa en Factor\u00eda de Talento para hablar de salud mental juvenil y del proyecto Rayadas","_seopress_titles_desc":"Fundaci\u00f3n Manantial participa en Factor\u00eda de Talento con una charla sobre salud mental juvenil y presenta el proyecto #Rayadas dirigido a estudiantes de secundaria.","_seopress_robots_index":"","footnotes":""},"categories":[34],"tags":[880,95,979,470,1604,85,345,100,492,65,1603,1123],"class_list":["post-11050","post","type-post","status-publish","format-standard","has-post-thumbnail","hentry","category-noticias-fundacion-manantial","tag-bienestar-emocional","tag-comunidad-de-madrid","tag-correos","tag-educacion","tag-factoria-de-talento","tag-fundacion-manantial","tag-jovenes","tag-prevencion","tag-rayadas","tag-salud-mental","tag-volvo-group","tag-worldcoo"],"acf":[],"_links":{"self":[{"href":"https:\/\/www.fundacionmanantial.org\/en\/wp-json\/wp\/v2\/posts\/11050","targetHints":{"allow":["GET"]}}],"collection":[{"href":"https:\/\/www.fundacionmanantial.org\/en\/wp-json\/wp\/v2\/posts"}],"about":[{"href":"https:\/\/www.fundacionmanantial.org\/en\/wp-json\/wp\/v2\/types\/post"}],"author":[{"embeddable":true,"href":"https:\/\/www.fundacionmanantial.org\/en\/wp-json\/wp\/v2\/users\/7"}],"replies":[{"embeddable":true,"href":"https:\/\/www.fundacionmanantial.org\/en\/wp-json\/wp\/v2\/comments?post=11050"}],"version-history":[{"count":3,"href":"https:\/\/www.fundacionmanantial.org\/en\/wp-json\/wp\/v2\/posts\/11050\/revisions"}],"predecessor-version":[{"id":11057,"href":"https:\/\/www.fundacionmanantial.org\/en\/wp-json\/wp\/v2\/posts\/11050\/revisions\/11057"}],"wp:featuredmedia":[{"embeddable":true,"href":"https:\/\/www.fundacionmanantial.org\/en\/wp-json\/wp\/v2\/media\/11054"}],"wp:attachment":[{"href":"https:\/\/www.fundacionmanantial.org\/en\/wp-json\/wp\/v2\/media?parent=11050"}],"wp:term":[{"taxonomy":"category","embeddable":true,"href":"https:\/\/www.fundacionmanantial.org\/en\/wp-json\/wp\/v2\/categories?post=11050"},{"taxonomy":"post_tag","embeddable":true,"href":"https:\/\/www.fundacionmanantial.org\/en\/wp-json\/wp\/v2\/tags?post=11050"}],"curies":[{"name":"wp","href":"https:\/\/api.w.org\/{rel}","templated":true}]}}