{"id":11027,"date":"2026-03-11T14:05:33","date_gmt":"2026-03-11T13:05:33","guid":{"rendered":"https:\/\/www.fundacionmanantial.org\/?p=11027"},"modified":"2026-04-07T09:26:50","modified_gmt":"2026-04-07T08:26:50","slug":"servicio-de-informacion-y-orientacion-2025","status":"publish","type":"post","link":"https:\/\/www.fundacionmanantial.org\/en\/servicio-de-informacion-y-orientacion-2025\/","title":{"rendered":"El Servicio de Informaci\u00f3n y Orientaci\u00f3n de Fundaci\u00f3n Manantial atendi\u00f3 a 173 personas en 2025"},"content":{"rendered":"<p data-start=\"100\" data-end=\"343\">Durante el a\u00f1o 2025, Fundaci\u00f3n Manantial ofreci\u00f3 apoyo a un total de <strong data-start=\"169\" data-end=\"185\">173 personas<\/strong> a trav\u00e9s de su <a href=\"https:\/\/www.fundacionmanantial.org\/servicios-de-salud-mental\/orientacion-juridica-y-social-salud-mental\/\" target=\"_blank\" rel=\"noopener\"><strong data-start=\"201\" data-end=\"242\">Servicio de Informaci\u00f3n y Orientaci\u00f3n<\/strong><\/a>, un servicio especializado en materia de salud mental.<\/p>\n<p>Este servicio, orientado a personas mayores de edad, atendi\u00f3 a:<\/p>\n<ul>\n<li>62% de las personas usuarias fueron familiares de personas con problemas de salud mental.<\/li>\n<li>16% eran personas con experiencia propia en salud mental.<\/li>\n<li>18% eran profesionales del \u00e1mbito socio-sanitario.<\/li>\n<li>4% correspond\u00edan a otros perfiles, como amigos\/as o vecinos\/as.<\/li>\n<\/ul>\n<p>De estas consultas, el 62% fueron realizadas por mujeres, frente a un 38% por hombres.<\/p>\n<p><strong>Principales consultas atendidas<\/strong><\/p>\n<p data-start=\"1041\" data-end=\"1260\">Las consultas recibidas se centraron en diversas cuestiones relacionadas con el \u00e1mbito social, sanitario y jur\u00eddico. La mayor\u00eda estuvieron vinculadas a <strong data-start=\"1193\" data-end=\"1219\">temas socio-sanitarios<\/strong>, que representaron el <strong data-start=\"1242\" data-end=\"1259\">49% del total<\/strong>.<\/p>\n<p data-start=\"1041\" data-end=\"1260\">Adem\u00e1s, el servicio atendi\u00f3:<\/p>\n<ul>\n<li data-section-id=\"1mbzpik\" data-start=\"1292\" data-end=\"1402\">\n<p data-start=\"1294\" data-end=\"1402\">26% de consultas relacionadas con el <strong data-start=\"1335\" data-end=\"1399\">sistema de apoyos para el ejercicio de la capacidad jur\u00eddica<\/strong>.<\/p>\n<\/li>\n<li data-section-id=\"o1uqx\" data-start=\"1403\" data-end=\"1461\">\n<p data-start=\"1405\" data-end=\"1461\">13% de consultas de <strong data-start=\"1429\" data-end=\"1458\">car\u00e1cter jur\u00eddico general<\/strong>.<\/p>\n<\/li>\n<li data-section-id=\"1uaw1jz\" data-start=\"1462\" data-end=\"1532\">\n<p data-start=\"1464\" data-end=\"1532\">12% de consultas vinculadas al <strong data-start=\"1499\" data-end=\"1531\">\u00e1mbito penal y penitenciario<\/strong>.<\/p>\n<\/li>\n<\/ul>\n<p>Financiado parcialmente por la <a href=\"https:\/\/www.comunidad.madrid\/centros\/consejeria-sanidad\">Consejer\u00eda de Sanidad de la Comunidad de Madrid<\/a>, el Servicio de Informaci\u00f3n y Orientaci\u00f3n de Fundaci\u00f3n Manantial se consolida como un <strong>servicio de referencia que proporciona orientaci\u00f3n e informaci\u00f3n en salud mental.<\/strong><\/p>\n<p><a href=\"https:\/\/www.fundacionmanantial.org\/wp-content\/uploads\/2026\/03\/Memoria_SIO_2025_compressed.pdf\" target=\"_blank\" rel=\"noopener\"><strong>Leer memoria completa<\/strong><\/a><\/p>\n","protected":false},"excerpt":{"rendered":"<p>Durante el a\u00f1o 2025, Fundaci\u00f3n Manantial ofreci\u00f3 apoyo a un total de 173 personas a trav\u00e9s de su Servicio de Informaci\u00f3n y Orientaci\u00f3n, un servicio especializado en materia de salud mental. Este servicio, orientado a personas mayores de edad, atendi\u00f3 a: 62% de las personas usuarias fueron familiares de personas con problemas de salud mental. [&hellip;]<\/p>\n","protected":false},"author":59,"featured_media":11105,"comment_status":"closed","ping_status":"closed","sticky":false,"template":"","format":"standard","meta":{"_acf_changed":false,"give_campaign_id":0,"_seopress_robots_primary_cat":"none","_seopress_titles_title":"El Servicio de Informaci\u00f3n y Orientaci\u00f3n de Fundaci\u00f3n Manantial atendi\u00f3 a 173 personas en 2025","_seopress_titles_desc":"Fundaci\u00f3n Manantial ofreci\u00f3 apoyo a 173 personas a trav\u00e9s de su\u00a0Servicio de Informaci\u00f3n y Orientaci\u00f3n de Fundaci\u00f3n Manantial en 2025.","_seopress_robots_index":"","footnotes":""},"categories":[34],"tags":[1469,1041,1076,212,95,85,139,65,1229,1600,1001,1599],"class_list":["post-11027","post","type-post","status-publish","format-standard","has-post-thumbnail","hentry","category-noticias-fundacion-manantial","tag-1469","tag-apoya-la-salud-mental","tag-apoyo-social","tag-capacidad-juridica","tag-comunidad-de-madrid","tag-fundacion-manantial","tag-inclusion-social","tag-salud-mental","tag-salud-mental-comunitaria","tag-servicio-de-informacion","tag-servicio-de-orientacion","tag-sistema-de-apoyo"],"acf":[],"_links":{"self":[{"href":"https:\/\/www.fundacionmanantial.org\/en\/wp-json\/wp\/v2\/posts\/11027","targetHints":{"allow":["GET"]}}],"collection":[{"href":"https:\/\/www.fundacionmanantial.org\/en\/wp-json\/wp\/v2\/posts"}],"about":[{"href":"https:\/\/www.fundacionmanantial.org\/en\/wp-json\/wp\/v2\/types\/post"}],"author":[{"embeddable":true,"href":"https:\/\/www.fundacionmanantial.org\/en\/wp-json\/wp\/v2\/users\/59"}],"replies":[{"embeddable":true,"href":"https:\/\/www.fundacionmanantial.org\/en\/wp-json\/wp\/v2\/comments?post=11027"}],"version-history":[{"count":5,"href":"https:\/\/www.fundacionmanantial.org\/en\/wp-json\/wp\/v2\/posts\/11027\/revisions"}],"predecessor-version":[{"id":11119,"href":"https:\/\/www.fundacionmanantial.org\/en\/wp-json\/wp\/v2\/posts\/11027\/revisions\/11119"}],"wp:featuredmedia":[{"embeddable":true,"href":"https:\/\/www.fundacionmanantial.org\/en\/wp-json\/wp\/v2\/media\/11105"}],"wp:attachment":[{"href":"https:\/\/www.fundacionmanantial.org\/en\/wp-json\/wp\/v2\/media?parent=11027"}],"wp:term":[{"taxonomy":"category","embeddable":true,"href":"https:\/\/www.fundacionmanantial.org\/en\/wp-json\/wp\/v2\/categories?post=11027"},{"taxonomy":"post_tag","embeddable":true,"href":"https:\/\/www.fundacionmanantial.org\/en\/wp-json\/wp\/v2\/tags?post=11027"}],"curies":[{"name":"wp","href":"https:\/\/api.w.org\/{rel}","templated":true}]}}