{"id":11010,"date":"2026-03-04T11:03:13","date_gmt":"2026-03-04T10:03:13","guid":{"rendered":"https:\/\/www.fundacionmanantial.org\/?p=11010"},"modified":"2026-03-04T11:03:13","modified_gmt":"2026-03-04T10:03:13","slug":"la-presencia-mediatica-de-fundacion-manantial-continua-en-febrero-de-2026","status":"publish","type":"post","link":"https:\/\/www.fundacionmanantial.org\/en\/la-presencia-mediatica-de-fundacion-manantial-continua-en-febrero-de-2026\/","title":{"rendered":"La presencia medi\u00e1tica de Fundaci\u00f3n Manantial contin\u00faa en febrero de 2026"},"content":{"rendered":"<p>Durante el mes de febrero de 2026, Fundaci\u00f3n Manantial registr\u00f3 <strong data-start=\"281\" data-end=\"322\">11 impactos en medios de comunicaci\u00f3n<\/strong>, alcanzando una <strong data-start=\"339\" data-end=\"384\">audiencia potencial de 1.146.800 personas<\/strong> y un <strong data-start=\"390\" data-end=\"442\">valor publicitario equivalente (VPE) de 17.631 \u20ac. <\/strong>Esta presencia en medios permiti\u00f3 continuar difundiendo iniciativas relacionadas con la atenci\u00f3n en salud mental, la inclusi\u00f3n social y laboral, y la concienciaci\u00f3n p\u00fablica.<\/p>\n<h3 data-start=\"1116\" data-end=\"1139\">Impactos destacados<\/h3>\n<p data-start=\"1141\" data-end=\"1208\">Entre los contenidos con mayor visibilidad durante el mes destacan:<\/p>\n<ul data-start=\"1210\" data-end=\"1861\">\n<li data-start=\"1210\" data-end=\"1403\"><em><strong data-start=\"1571\" data-end=\"1585\">Elperiodic<\/strong> <\/em>(19 de febrero), con informaci\u00f3n sobre la programaci\u00f3n de <strong data-start=\"1644\" data-end=\"1679\">Vila-real para conmemorar el 8M<\/strong>.<\/li>\n<li data-start=\"1683\" data-end=\"1861\">\n<p data-start=\"1685\" data-end=\"1861\"><em><strong data-start=\"1685\" data-end=\"1712\">El Confidencial Digital<\/strong> <\/em>(5 de febrero), que public\u00f3 un reportaje sobre las consecuencias sociales de la DANA y las familias afectadas.<\/p>\n<\/li>\n<\/ul>\n<h2 data-start=\"1863\" data-end=\"1893\">Actividad en redes sociales<\/h2>\n<p data-start=\"1895\" data-end=\"2191\">Durante febrero, Fundaci\u00f3n Manantial mantuvo una actividad constante en sus distintos perfiles sociales.\u00a0Entre los datos m\u00e1s relevantes:<\/p>\n<ul data-start=\"2226\" data-end=\"2572\">\n<li data-start=\"2226\" data-end=\"2325\">\n<p data-start=\"2228\" data-end=\"2325\">Instagram alcanz\u00f3 <strong data-start=\"2256\" data-end=\"2276\">9.989 seguidores<\/strong>, con <strong data-start=\"2282\" data-end=\"2307\">138 nuevos seguidores<\/strong> durante el mes.<\/p>\n<\/li>\n<li data-start=\"2326\" data-end=\"2434\">\n<p data-start=\"2328\" data-end=\"2434\">Los contenidos mantuvieron tasas de interacci\u00f3n estables, en torno al <strong data-start=\"2398\" data-end=\"2431\">3 % \u2013 7 % seg\u00fan la plataforma<\/strong>.<\/p>\n<\/li>\n<li data-start=\"2435\" data-end=\"2572\">\n<p data-start=\"2437\" data-end=\"2572\">Las publicaciones abordaron principalmente <strong data-start=\"2480\" data-end=\"2571\">datos sobre salud mental, proyectos sociales y actividades en los centros de atenci\u00f3n social<\/strong>.<\/p>\n<\/li>\n<\/ul>\n<p data-start=\"2574\" data-end=\"2781\">Entre los contenidos m\u00e1s destacados figuraron publicaciones divulgativas sobre salud mental, testimonios en primera persona de personajes influyentes, iniciativas de inclusi\u00f3n social y actividades comunitarias desarrolladas en distintos recursos de la organizaci\u00f3n.<\/p>\n<h2 data-start=\"2783\" data-end=\"2801\">Balance del mes<\/h2>\n<p data-start=\"2803\" data-end=\"3043\">El an\u00e1lisis del mes muestra una presencia medi\u00e1tica moderada, con una actividad digital sostenida que contin\u00faa reforzando la difusi\u00f3n de los proyectos y la sensibilizaci\u00f3n en torno a la salud mental y la inclusi\u00f3n social.<\/p>\n<p data-start=\"2803\" data-end=\"3043\"><a href=\"https:\/\/www.fundacionmanantial.org\/wp-content\/uploads\/2026\/03\/Clipping-febrero-2026-Fundacion-Manantial.pdf\" target=\"_blank\" rel=\"noopener\">Ver el informe completo de impactos en febrero 2026<\/a><\/p>\n","protected":false},"excerpt":{"rendered":"<p>Durante el mes de febrero de 2026, Fundaci\u00f3n Manantial registr\u00f3 11 impactos en medios de comunicaci\u00f3n, alcanzando una audiencia potencial de 1.146.800 personas y un valor publicitario equivalente (VPE) de 17.631 \u20ac. Esta presencia en medios permiti\u00f3 continuar difundiendo iniciativas relacionadas con la atenci\u00f3n en salud mental, la inclusi\u00f3n social y laboral, y la concienciaci\u00f3n [&hellip;]<\/p>\n","protected":false},"author":7,"featured_media":8316,"comment_status":"closed","ping_status":"closed","sticky":false,"template":"","format":"standard","meta":{"_acf_changed":false,"give_campaign_id":0,"_seopress_robots_primary_cat":"none","_seopress_titles_title":"Fundaci\u00f3n Manantial mantiene su presencia en medios y redes sociales durante febrero de 2026","_seopress_titles_desc":"Fundaci\u00f3n Manantial registr\u00f3 11 impactos en medios durante febrero de 2026, con m\u00e1s de 1,1 millones de audiencia potencial y una intensa actividad en redes sociales para visibilizar proyectos de salud mental e inclusi\u00f3n social.","_seopress_robots_index":"","footnotes":""},"categories":[34],"tags":[1597,1575,1428,934,85,1136,139,150,1398,421,65,893,1598,1435],"class_list":["post-11010","post","type-post","status-publish","format-standard","has-post-thumbnail","hentry","category-noticias-fundacion-manantial","tag-clipping-febrero-2026","tag-comunicacion-corporativa","tag-comunicacion-social","tag-comunitat-valenciana","tag-fundacion-manantial","tag-impacto-en-medios","tag-inclusion-social","tag-manantial-integra","tag-proyectos-sociales","tag-redes-sociales","tag-salud-mental","tag-sensibilizacion-salud-mental","tag-servimedia","tag-visibilidad-institucional"],"acf":[],"_links":{"self":[{"href":"https:\/\/www.fundacionmanantial.org\/en\/wp-json\/wp\/v2\/posts\/11010","targetHints":{"allow":["GET"]}}],"collection":[{"href":"https:\/\/www.fundacionmanantial.org\/en\/wp-json\/wp\/v2\/posts"}],"about":[{"href":"https:\/\/www.fundacionmanantial.org\/en\/wp-json\/wp\/v2\/types\/post"}],"author":[{"embeddable":true,"href":"https:\/\/www.fundacionmanantial.org\/en\/wp-json\/wp\/v2\/users\/7"}],"replies":[{"embeddable":true,"href":"https:\/\/www.fundacionmanantial.org\/en\/wp-json\/wp\/v2\/comments?post=11010"}],"version-history":[{"count":1,"href":"https:\/\/www.fundacionmanantial.org\/en\/wp-json\/wp\/v2\/posts\/11010\/revisions"}],"predecessor-version":[{"id":11013,"href":"https:\/\/www.fundacionmanantial.org\/en\/wp-json\/wp\/v2\/posts\/11010\/revisions\/11013"}],"wp:featuredmedia":[{"embeddable":true,"href":"https:\/\/www.fundacionmanantial.org\/en\/wp-json\/wp\/v2\/media\/8316"}],"wp:attachment":[{"href":"https:\/\/www.fundacionmanantial.org\/en\/wp-json\/wp\/v2\/media?parent=11010"}],"wp:term":[{"taxonomy":"category","embeddable":true,"href":"https:\/\/www.fundacionmanantial.org\/en\/wp-json\/wp\/v2\/categories?post=11010"},{"taxonomy":"post_tag","embeddable":true,"href":"https:\/\/www.fundacionmanantial.org\/en\/wp-json\/wp\/v2\/tags?post=11010"}],"curies":[{"name":"wp","href":"https:\/\/api.w.org\/{rel}","templated":true}]}}