{"id":10983,"date":"2026-03-06T08:20:13","date_gmt":"2026-03-06T07:20:13","guid":{"rendered":"https:\/\/www.fundacionmanantial.org\/?p=10983"},"modified":"2026-03-06T08:20:13","modified_gmt":"2026-03-06T07:20:13","slug":"isabel-jimenez-visita-la-residencia-de-fuenlabrada-para-visibilizar-la-carga-invisible-de-cuidados-en-las-mujeres-y-su-impacto-en-la-salud-mental","status":"publish","type":"post","link":"https:\/\/www.fundacionmanantial.org\/en\/isabel-jimenez-visita-la-residencia-de-fuenlabrada-para-visibilizar-la-carga-invisible-de-cuidados-en-las-mujeres-y-su-impacto-en-la-salud-mental\/","title":{"rendered":"Isabel Jim\u00e9nez visita la Residencia de Fuenlabrada para visibilizar la carga invisible de cuidados en las mujeres y su impacto en la salud mental"},"content":{"rendered":"<p data-start=\"639\" data-end=\"1012\">La periodista <a href=\"https:\/\/www.instagram.com\/isabeljimenezt5\/?hl=es\" target=\"_blank\" rel=\"noopener\"><strong data-start=\"653\" data-end=\"694\"><span class=\"hover:entity-accent entity-underline inline cursor-pointer align-baseline\"><span class=\"whitespace-normal\">Isabel Jim\u00e9nez<\/span><\/span><\/strong><\/a>, ha visitado la <strong data-start=\"710\" data-end=\"762\">Residencia de Fundaci\u00f3n Manantial &#8220;Fuenlabrada&#8221;<\/strong>, donde mantuvo un encuentro con residentes y con el equipo de profesionales para reflexionar sobre la <strong data-start=\"868\" data-end=\"894\">sobrecarga de cuidados<\/strong>, la importancia del <strong data-start=\"899\" data-end=\"914\">autocuidado<\/strong> y la realidad de la <strong data-start=\"935\" data-end=\"960\">salud mental de las mujeres<\/strong>, en v\u00edsperas del <strong data-start=\"978\" data-end=\"1011\">D\u00eda Internacional de la Mujer<\/strong>.<\/p>\n<h3 data-start=\"1433\" data-end=\"1485\"><strong data-start=\"1437\" data-end=\"1485\">La carga invisible que sostienen las mujeres<\/strong><\/h3>\n<p data-start=\"1486\" data-end=\"1877\">Durante el di\u00e1logo, Isabel comparti\u00f3 c\u00f3mo los <strong data-start=\"1546\" data-end=\"1579\">roles tradicionales de g\u00e9nero<\/strong> siguen situando a muchas mujeres como las principales responsables del cuidado de hijos, familiares mayores o personas dependientes. Esta responsabilidad \u2014frecuentemente asumida en solitario\u2014 deriva, en ocasiones, en problemas de salud mental.<\/p>\n<p data-start=\"1879\" data-end=\"2007\">Jim\u00e9nez, presentadora de Informativos Telecinco, madre de dos ni\u00f1os y directora creativa de Slowlove, explic\u00f3 c\u00f3mo ella misma ha vivido esa carga invisible:<\/p>\n<blockquote data-start=\"2009\" data-end=\"2278\">\n<p data-start=\"2011\" data-end=\"2278\"><em data-start=\"2011\" data-end=\"2206\">\u201cLas mujeres llenamos la mochila con trabajo, cuidados, expectativas y culpa. E<span title=\"Reproducir desde 6:31\">n <\/span><span title=\"Reproducir desde 6:39\">un momento dado, si no sabemos gestionarlo y pensar tambi\u00e9n en nosotras y en nuestro cuidado, <\/span><span title=\"Reproducir desde 6:44\">puede salir por muchos sitios. Puedes llegar a enfermar si no sabes mantener ese equilibrio y cuidarte<\/span>\u201d<\/em>, comparti\u00f3 durante la sesi\u00f3n.<\/p>\n<\/blockquote>\n<h3 data-start=\"2587\" data-end=\"2645\"><strong data-start=\"2591\" data-end=\"2645\">Salud mental y g\u00e9nero: desigualdades a\u00fan presentes<\/strong><\/h3>\n<p data-start=\"2646\" data-end=\"2896\">Durante la visita, <strong>Helena de Carlos<\/strong>, directora de Comunicaci\u00f3n y RR.II. de Fundaci\u00f3n Manantial explic\u00f3 c\u00f3mo la desigualdad en las tareas de cuidado tiene un efecto directo en la <strong data-start=\"2784\" data-end=\"2800\">recuperaci\u00f3n<\/strong>, el <strong data-start=\"2805\" data-end=\"2815\">empleo<\/strong> y la <strong data-start=\"2821\" data-end=\"2850\">participaci\u00f3n comunitaria<\/strong> de las mujeres con problemas de salud mental.<\/p>\n<blockquote data-start=\"2898\" data-end=\"3453\">\n<p data-start=\"2900\" data-end=\"3453\"><em data-start=\"2900\" data-end=\"3374\">\u201cObservamos que muchas mujeres siguen asumiendo en exclusiva los cuidados y las tareas del hogar. Esta carga invisible limita su acceso a la formaci\u00f3n, al empleo y a los recursos que necesitan para avanzar. Aunque hemos mejorado la participaci\u00f3n femenina, la brecha persiste: hoy atendemos a un 60 % de hombres y un 40 % de mujeres. Seguimos necesitando medidas de discriminaci\u00f3n positiva para garantizar que ser mujer no reduzca oportunidades de autonom\u00eda y recuperaci\u00f3n\u201d<\/em>, destac\u00f3.<\/p>\n<\/blockquote>\n<h3 data-start=\"3455\" data-end=\"3531\"><strong data-start=\"3459\" data-end=\"3531\">Una conversaci\u00f3n sobre acompa\u00f1amiento, pedir ayuda y romper estigmas<\/strong><\/h3>\n<p data-start=\"3532\" data-end=\"3878\">Isabel Jim\u00e9nez tambi\u00e9n comparti\u00f3 c\u00f3mo el propio trabajo period\u00edstico le ha permitido acercarse a herramientas de regulaci\u00f3n emocional, mindfulness y educaci\u00f3n en salud mental. Subray\u00f3 que <strong data-start=\"3720\" data-end=\"3735\">pedir ayuda<\/strong>, <strong data-start=\"3737\" data-end=\"3754\">poner l\u00edmites<\/strong> y <strong data-start=\"3757\" data-end=\"3805\">poder hablar abiertamente de lo que nos pasa<\/strong> son claves para prevenir el deterioro de la salud mental de las mujeres.<\/p>\n<blockquote data-start=\"2009\" data-end=\"2278\">\n<p data-start=\"2011\" data-end=\"2278\"><em data-start=\"2011\" data-end=\"2206\">\u201cAhora se habla m\u00e1s abiertamente, y la gente ha perdido el miedo a hablar de salud mental y a contar experiencias m\u00e1s personales. Yo creo que eso es important\u00edsimo, el poder expresarlo, el poder pedir ayuda. Todos necesitamos que alguien nos sostenga en alg\u00fan momento en nuestra vida\u201d.<\/em><\/p>\n<\/blockquote>\n<p data-start=\"4130\" data-end=\"4262\">El equipo de la residencia destac\u00f3 que la clave del modelo de Fundaci\u00f3n Manantial es <strong data-start=\"4205\" data-end=\"4220\">la relaci\u00f3n<\/strong>, <strong>el v\u00ednculo y la escucha<\/strong>:<\/p>\n<blockquote data-start=\"4263\" data-end=\"4420\">\n<p data-start=\"4265\" data-end=\"4420\"><em data-start=\"4265\" data-end=\"4377\">\u201cEn los centros de atenci\u00f3n social de Fundaci\u00f3n Manantial como nuestra propia residencia, no hay una pantalla por medio, un smartphone,&#8230; Nosotros nos vemos 24 horas y nos miramos, nos contamos, nos escuchamos y compartimos lo que nos pasa, y yo creo que ese es el principal valor que tenemos en nuestro trabajo: que seguimos apostando por esta cosa que parece ahora m\u00e1s primitiva, que es volver a la relaci\u00f3n, volver a estar juntos\u201d, afirm\u00f3 <strong>Bianca Gallego<\/strong>, directora de la Residencia &#8220;Fuenlabrada&#8221;<\/em>.<\/p>\n<\/blockquote>\n<p data-start=\"4265\" data-end=\"4420\"><a href=\"https:\/\/www.instagram.com\/p\/DVg1CSJDaiu\/\" target=\"_blank\" rel=\"noopener\">Ver en redes sociales<\/a><\/p>\n<h3 data-start=\"4422\" data-end=\"4477\"><\/h3>\n<h3 data-start=\"4422\" data-end=\"4477\"><strong data-start=\"4426\" data-end=\"4477\">Slowlove: compromiso con el bienestar emocional<\/strong><\/h3>\n<p data-start=\"4478\" data-end=\"4734\">Slowlove \u2014marca fundada por Isab\u00e9l Jim\u00e9nez y Sara Carbonero\u2014 mantiene una apuesta s\u00f3lida por la salud mental, impulsando acciones de sensibilizaci\u00f3n y apoyo comunitario desde su filosof\u00eda <strong data-start=\"4666\" data-end=\"4679\">#Slowlife<\/strong>, basada en la calma, la autenticidad y el bienestar.<\/p>\n<h3 data-start=\"4777\" data-end=\"4804\"><strong data-start=\"4781\" data-end=\"4804\">Fundaci\u00f3n Manantial<\/strong><\/h3>\n<p data-start=\"4805\" data-end=\"5157\">Desde hace m\u00e1s de 30 a\u00f1os, Fundaci\u00f3n Manantial acompa\u00f1a a personas con problemas graves de salud mental y defiende su derecho a la recuperaci\u00f3n, la participaci\u00f3n social y la igualdad de oportunidades. Atendemos anualmente a m\u00e1s de 3.000 personas en programas de atenci\u00f3n social, empleo, apoyo y prevenci\u00f3n.<\/p>\n","protected":false},"excerpt":{"rendered":"<p>La periodista Isabel Jim\u00e9nez, ha visitado la Residencia de Fundaci\u00f3n Manantial &#8220;Fuenlabrada&#8221;, donde mantuvo un encuentro con residentes y con el equipo de profesionales para reflexionar sobre la sobrecarga de cuidados, la importancia del autocuidado y la realidad de la salud mental de las mujeres, en v\u00edsperas del D\u00eda Internacional de la Mujer. La carga [&hellip;]<\/p>\n","protected":false},"author":7,"featured_media":10988,"comment_status":"closed","ping_status":"closed","sticky":false,"template":"","format":"standard","meta":{"_acf_changed":false,"give_campaign_id":0,"_seopress_robots_primary_cat":"none","_seopress_titles_title":"Isabel Jim\u00e9nez visita la Residencia de Fuenlabrada para visibilizar la carga invisible de cuidados en las mujeres y su impacto en la salud mental","_seopress_titles_desc":"Isabel Jim\u00e9nez visita la Residencia de Fuenlabrada de Fundaci\u00f3n Manantial para abordar la carga invisible de cuidados en las mujeres y su impacto en la salud mental, en una acci\u00f3n conjunta con Slowlove por el D\u00eda de la Mujer.","_seopress_robots_index":"","footnotes":""},"categories":[34],"tags":[700,880,1593,697,1029,85,1594,139,1595,1146,65,732,1586],"class_list":["post-10983","post","type-post","status-publish","format-standard","has-post-thumbnail","hentry","category-noticias-fundacion-manantial","tag-autocuidado","tag-bienestar-emocional","tag-carga-invisible","tag-cuidados","tag-dia-de-la-mujer","tag-fundacion-manantial","tag-genero-y-salud-mental","tag-inclusion-social","tag-isabel-jimenez","tag-recuperacion-psicosocial","tag-salud-mental","tag-slowlove","tag-tendam"],"acf":[],"_links":{"self":[{"href":"https:\/\/www.fundacionmanantial.org\/en\/wp-json\/wp\/v2\/posts\/10983","targetHints":{"allow":["GET"]}}],"collection":[{"href":"https:\/\/www.fundacionmanantial.org\/en\/wp-json\/wp\/v2\/posts"}],"about":[{"href":"https:\/\/www.fundacionmanantial.org\/en\/wp-json\/wp\/v2\/types\/post"}],"author":[{"embeddable":true,"href":"https:\/\/www.fundacionmanantial.org\/en\/wp-json\/wp\/v2\/users\/7"}],"replies":[{"embeddable":true,"href":"https:\/\/www.fundacionmanantial.org\/en\/wp-json\/wp\/v2\/comments?post=10983"}],"version-history":[{"count":8,"href":"https:\/\/www.fundacionmanantial.org\/en\/wp-json\/wp\/v2\/posts\/10983\/revisions"}],"predecessor-version":[{"id":11016,"href":"https:\/\/www.fundacionmanantial.org\/en\/wp-json\/wp\/v2\/posts\/10983\/revisions\/11016"}],"wp:featuredmedia":[{"embeddable":true,"href":"https:\/\/www.fundacionmanantial.org\/en\/wp-json\/wp\/v2\/media\/10988"}],"wp:attachment":[{"href":"https:\/\/www.fundacionmanantial.org\/en\/wp-json\/wp\/v2\/media?parent=10983"}],"wp:term":[{"taxonomy":"category","embeddable":true,"href":"https:\/\/www.fundacionmanantial.org\/en\/wp-json\/wp\/v2\/categories?post=10983"},{"taxonomy":"post_tag","embeddable":true,"href":"https:\/\/www.fundacionmanantial.org\/en\/wp-json\/wp\/v2\/tags?post=10983"}],"curies":[{"name":"wp","href":"https:\/\/api.w.org\/{rel}","templated":true}]}}