{"id":10874,"date":"2025-06-30T10:19:47","date_gmt":"2025-06-30T09:19:47","guid":{"rendered":"https:\/\/www.fundacionmanantial.org\/?p=10874"},"modified":"2026-01-21T10:22:57","modified_gmt":"2026-01-21T09:22:57","slug":"manantial-integra-recibe-una-subvencion-de-la-comunidad-de-madrid-para-impulsar-el-empleo-de-personas-con-discapacidad","status":"publish","type":"post","link":"https:\/\/www.fundacionmanantial.org\/en\/manantial-integra-recibe-una-subvencion-de-la-comunidad-de-madrid-para-impulsar-el-empleo-de-personas-con-discapacidad\/","title":{"rendered":"Manantial Integra recibe una subvenci\u00f3n de la Comunidad de Madrid para impulsar el empleo de personas con discapacidad"},"content":{"rendered":"\r\n\r\n\r\n<p data-start=\"149\" data-end=\"432\">El Centro Especial de Empleo <a href=\"https:\/\/manantialintegra.org\/\" target=\"_blank\" rel=\"noopener\"><strong data-start=\"178\" data-end=\"199\">Manantial Integra<\/strong><\/a> ha sido beneficiario de la subvenci\u00f3n destinada a cubrir costes salariales para impulsar la <strong data-start=\"292\" data-end=\"342\">inclusi\u00f3n laboral de personas con discapacidad<\/strong>, otorgada por la <a href=\"https:\/\/www.comunidad.madrid\/transparencia\/unidad-organizativa-responsable\/consejeria-economia-hacienda-y-empleo\" target=\"_blank\" rel=\"noopener\"><strong data-start=\"360\" data-end=\"405\">Consejer\u00eda de Econom\u00eda, Hacienda y Empleo<\/strong> de la Comunidad de Madrid.<\/a><\/p>\r\n<p data-start=\"434\" data-end=\"706\">Esta ayuda de 993.768,80 \u20ac se enmarca en el programa auton\u00f3mico orientado a promover la contrataci\u00f3n y la estabilidad laboral de personas con discapacidad en el \u00e1mbito del empleo protegido, favoreciendo su <strong>acceso al mercado laboral y reduciendo las barreras que dificultan su inclusi\u00f3n<\/strong>.<\/p>\r\n<p data-start=\"708\" data-end=\"1112\">En Espa\u00f1a, \u00fanicamente el <strong data-start=\"733\" data-end=\"787\">17 % de las personas con problemas de salud mental<\/strong> tiene un empleo. Ante esta realidad, Manantial Integra trabaja para ampliar las oportunidades laborales, ofreciendo puestos de trabajo a cerca de <strong data-start=\"934\" data-end=\"950\">300 personas<\/strong> con problemas de salud mental en \u00e1reas como <a href=\"https:\/\/www.fundacionmanantial.org\/servicios-de-salud-mental\/empleo-y-salud-mental\/\" target=\"_blank\" rel=\"noopener\">hosteler\u00eda, catering, lavander\u00eda, limpieza, jardiner\u00eda, apoyo administrativo y manipulado secundario de medicamentos<\/a>.<\/p>\r\n<p data-start=\"1114\" data-end=\"1504\">Adem\u00e1s de crear empleo, el CEE proporciona formaci\u00f3n y preparaci\u00f3n a quienes desean incorporarse al mercado ordinario. Para quienes requieren un entorno laboral protegido y estable, <strong>Manantial Integra ofrece contratos indefinidos y el acompa\u00f1amiento de un equipo profesional especializado en salud mental<\/strong>, que presta apoyo tanto a las personas trabajadoras como a las empresas colaboradoras.<\/p>\r\n<p data-start=\"1506\" data-end=\"1763\">Desde Fundaci\u00f3n Manantial, seguimos impulsando iniciativas innovadoras que <strong>promuevan el empleo, el bienestar emocional y la salud mental, con el objetivo de avanzar hacia una sociedad m\u00e1s inclusiva, solidaria y comprometida con la igualdad de oportunidades.<\/strong><\/p>","protected":false},"excerpt":{"rendered":"<p>El Centro Especial de Empleo Manantial Integra ha sido beneficiario de la subvenci\u00f3n destinada a cubrir costes salariales para impulsar la inclusi\u00f3n laboral de personas con discapacidad, otorgada por la Consejer\u00eda de Econom\u00eda, Hacienda y Empleo de la Comunidad de Madrid. Esta ayuda de 993.768,80 \u20ac se enmarca en el programa auton\u00f3mico orientado a promover [&hellip;]<\/p>\n","protected":false},"author":7,"featured_media":10880,"comment_status":"closed","ping_status":"closed","sticky":false,"template":"","format":"standard","meta":{"_acf_changed":false,"give_campaign_id":0,"_seopress_robots_primary_cat":"none","_seopress_titles_title":"Manantial Integra obtiene una ayuda de la Comunidad de Madrid para favorecer la contrataci\u00f3n y estabilidad laboral de personas con discapacidad. El CEE ofrece empleo y formaci\u00f3n a cerca de 300 personas con problemas de salud mental.","_seopress_titles_desc":"Manantial Integra obtiene una ayuda de la Comunidad de Madrid para favorecer la contrataci\u00f3n y estabilidad laboral de personas con discapacidad. El CEE ofrece empleo y formaci\u00f3n a cerca de 300 personas con problemas de salud mental.","_seopress_robots_index":"","footnotes":""},"categories":[34],"tags":[869,880,992,95,56,1070,149,85,874,821,150,65,1144,356],"class_list":["post-10874","post","type-post","status-publish","format-standard","has-post-thumbnail","hentry","category-noticias-fundacion-manantial","tag-apoyo-psicosocial","tag-bienestar-emocional","tag-centros-especiales-de-empleo","tag-comunidad-de-madrid","tag-discapacidad","tag-empleo-inclusivo","tag-empleo-protegido","tag-fundacion-manantial","tag-inclusion-laboral","tag-insercion-sociolaboral","tag-manantial-integra","tag-salud-mental","tag-salud-mental-en-el-trabajo","tag-tercer-sector"],"acf":[],"_links":{"self":[{"href":"https:\/\/www.fundacionmanantial.org\/en\/wp-json\/wp\/v2\/posts\/10874","targetHints":{"allow":["GET"]}}],"collection":[{"href":"https:\/\/www.fundacionmanantial.org\/en\/wp-json\/wp\/v2\/posts"}],"about":[{"href":"https:\/\/www.fundacionmanantial.org\/en\/wp-json\/wp\/v2\/types\/post"}],"author":[{"embeddable":true,"href":"https:\/\/www.fundacionmanantial.org\/en\/wp-json\/wp\/v2\/users\/7"}],"replies":[{"embeddable":true,"href":"https:\/\/www.fundacionmanantial.org\/en\/wp-json\/wp\/v2\/comments?post=10874"}],"version-history":[{"count":2,"href":"https:\/\/www.fundacionmanantial.org\/en\/wp-json\/wp\/v2\/posts\/10874\/revisions"}],"predecessor-version":[{"id":10879,"href":"https:\/\/www.fundacionmanantial.org\/en\/wp-json\/wp\/v2\/posts\/10874\/revisions\/10879"}],"wp:featuredmedia":[{"embeddable":true,"href":"https:\/\/www.fundacionmanantial.org\/en\/wp-json\/wp\/v2\/media\/10880"}],"wp:attachment":[{"href":"https:\/\/www.fundacionmanantial.org\/en\/wp-json\/wp\/v2\/media?parent=10874"}],"wp:term":[{"taxonomy":"category","embeddable":true,"href":"https:\/\/www.fundacionmanantial.org\/en\/wp-json\/wp\/v2\/categories?post=10874"},{"taxonomy":"post_tag","embeddable":true,"href":"https:\/\/www.fundacionmanantial.org\/en\/wp-json\/wp\/v2\/tags?post=10874"}],"curies":[{"name":"wp","href":"https:\/\/api.w.org\/{rel}","templated":true}]}}