{"id":10865,"date":"2025-12-01T09:26:25","date_gmt":"2025-12-01T08:26:25","guid":{"rendered":"https:\/\/www.fundacionmanantial.org\/?p=10865"},"modified":"2026-01-21T09:35:49","modified_gmt":"2026-01-21T08:35:49","slug":"la-comunidad-de-madrid-apoya-la-inclusion-laboral-de-personas-con-problemas-de-salud-mental","status":"publish","type":"post","link":"https:\/\/www.fundacionmanantial.org\/en\/la-comunidad-de-madrid-apoya-la-inclusion-laboral-de-personas-con-problemas-de-salud-mental\/","title":{"rendered":"La Consejer\u00eda de Econom\u00eda, Hacienda y Empleo apoya la inclusi\u00f3n laboral de personas con problemas de salud mental"},"content":{"rendered":"<p><strong><a href=\"https:\/\/manantialintegra.org\/\" target=\"_blank\" rel=\"noreferrer noopener\">Manantial Integra<\/a> <\/strong><strong data-start=\"195\" data-end=\"385\">ha recibido una ayuda destinada a las Unidades de Apoyo a la Actividad Profesional, otorgada por la <a href=\"https:\/\/www.comunidad.madrid\/transparencia\/unidad-organizativa-responsable\/consejeria-economia-hacienda-y-empleo\" target=\"_blank\" rel=\"noopener\">Consejer\u00eda de Econom\u00eda, Hacienda y Empleo<\/a> de la Comunidad de Madrid.<\/strong> Esta financiaci\u00f3n forma parte del programa de servicios de ajuste personal y social de los Centros Especiales de Empleo, orientado a favorecer la inclusi\u00f3n laboral de personas con discapacidad en entornos de trabajo protegido.<\/p>\n<p data-start=\"614\" data-end=\"862\">La subvenci\u00f3n, por un importe total de <strong data-start=\"653\" data-end=\"668\">85.771,93 \u20ac<\/strong>, permitir\u00e1 cubrir los costes salariales y de Seguridad Social del equipo con contrato indefinido que conforma las Unidades de Apoyo a la Actividad Profesional de Manantial Integra en la Comunidad.<\/p>\n<p data-start=\"864\" data-end=\"1425\">El acceso al empleo es un pilar esencial para la recuperaci\u00f3n y el desarrollo de un proyecto de vida pleno, ya que facilita autonom\u00eda, participaci\u00f3n comunitaria y un sentimiento de pertenencia que trasciende los diagn\u00f3sticos. A pesar de ello, \u00fanicamente el <strong data-start=\"1121\" data-end=\"1175\">17 % de las personas con problemas de salud mental<\/strong> cuenta actualmente con un empleo. En Manantial Integra trabajamos para revertir esta realidad mediante formaci\u00f3n, entrenamiento laboral y acompa\u00f1amiento especializado, ofreciendo los apoyos necesarios para garantizar trayectorias laborales estables.<\/p>\n<p data-start=\"1427\" data-end=\"1668\" data-is-last-node=\"\" data-is-only-node=\"\">Desde Fundaci\u00f3n Manantial, reafirmamos nuestro compromiso con la <strong>creaci\u00f3n de oportunidades y el impulso de iniciativas innovadoras en el \u00e1mbito del empleo<\/strong>, contribuyendo a una sociedad m\u00e1s justa, inclusiva y comprometida con la salud mental.<\/p>\n","protected":false},"excerpt":{"rendered":"<p>Manantial Integra ha recibido una ayuda destinada a las Unidades de Apoyo a la Actividad Profesional, otorgada por la Consejer\u00eda de Econom\u00eda, Hacienda y Empleo de la Comunidad de Madrid. Esta financiaci\u00f3n forma parte del programa de servicios de ajuste personal y social de los Centros Especiales de Empleo, orientado a favorecer la inclusi\u00f3n laboral [&hellip;]<\/p>\n","protected":false},"author":7,"featured_media":10871,"comment_status":"closed","ping_status":"closed","sticky":false,"template":"","format":"standard","meta":{"_acf_changed":false,"give_campaign_id":0,"_seopress_robots_primary_cat":"none","_seopress_titles_title":"La Comunidad de Madrid apoya la creaci\u00f3n de empleo protegido en Manantial Integra","_seopress_titles_desc":"La Comunidad de Madrid concede a Manantial Integra una ayuda para apoyar la inclusi\u00f3n laboral de personas con discapacidad. Descubre su impacto.","_seopress_robots_index":"","footnotes":""},"categories":[34],"tags":[869,880,992,95,56,1070,149,85,874,1560,150,64,65,356,1559],"class_list":["post-10865","post","type-post","status-publish","format-standard","has-post-thumbnail","hentry","category-noticias-fundacion-manantial","tag-apoyo-psicosocial","tag-bienestar-emocional","tag-centros-especiales-de-empleo","tag-comunidad-de-madrid","tag-discapacidad","tag-empleo-inclusivo","tag-empleo-protegido","tag-fundacion-manantial","tag-inclusion-laboral","tag-integracion-sociolaboral","tag-manantial-integra","tag-recuperacion","tag-salud-mental","tag-tercer-sector","tag-unidades-de-apoyo-a-la-actividad-profesional"],"acf":[],"_links":{"self":[{"href":"https:\/\/www.fundacionmanantial.org\/en\/wp-json\/wp\/v2\/posts\/10865","targetHints":{"allow":["GET"]}}],"collection":[{"href":"https:\/\/www.fundacionmanantial.org\/en\/wp-json\/wp\/v2\/posts"}],"about":[{"href":"https:\/\/www.fundacionmanantial.org\/en\/wp-json\/wp\/v2\/types\/post"}],"author":[{"embeddable":true,"href":"https:\/\/www.fundacionmanantial.org\/en\/wp-json\/wp\/v2\/users\/7"}],"replies":[{"embeddable":true,"href":"https:\/\/www.fundacionmanantial.org\/en\/wp-json\/wp\/v2\/comments?post=10865"}],"version-history":[{"count":3,"href":"https:\/\/www.fundacionmanantial.org\/en\/wp-json\/wp\/v2\/posts\/10865\/revisions"}],"predecessor-version":[{"id":10870,"href":"https:\/\/www.fundacionmanantial.org\/en\/wp-json\/wp\/v2\/posts\/10865\/revisions\/10870"}],"wp:featuredmedia":[{"embeddable":true,"href":"https:\/\/www.fundacionmanantial.org\/en\/wp-json\/wp\/v2\/media\/10871"}],"wp:attachment":[{"href":"https:\/\/www.fundacionmanantial.org\/en\/wp-json\/wp\/v2\/media?parent=10865"}],"wp:term":[{"taxonomy":"category","embeddable":true,"href":"https:\/\/www.fundacionmanantial.org\/en\/wp-json\/wp\/v2\/categories?post=10865"},{"taxonomy":"post_tag","embeddable":true,"href":"https:\/\/www.fundacionmanantial.org\/en\/wp-json\/wp\/v2\/tags?post=10865"}],"curies":[{"name":"wp","href":"https:\/\/api.w.org\/{rel}","templated":true}]}}