{"id":10796,"date":"2025-12-03T09:31:26","date_gmt":"2025-12-03T08:31:26","guid":{"rendered":"https:\/\/www.fundacionmanantial.org\/?p=10796"},"modified":"2025-12-03T09:34:28","modified_gmt":"2025-12-03T08:34:28","slug":"fundacion-manantial-finalista-en-los-premios-humanizando-la-sanidad-con-el-proyecto-volver-a-casa","status":"publish","type":"post","link":"https:\/\/www.fundacionmanantial.org\/en\/fundacion-manantial-finalista-en-los-premios-humanizando-la-sanidad-con-el-proyecto-volver-a-casa\/","title":{"rendered":"Fundaci\u00f3n Manantial, finalista en los Premios Humanizando la Sanidad con el proyecto Volver a Casa"},"content":{"rendered":"<p data-start=\"226\" data-end=\"662\">Fundaci\u00f3n Manantial ha sido <strong data-start=\"272\" data-end=\"285\">finalista<\/strong> en los <strong data-start=\"293\" data-end=\"327\">Premios Humanizando la Sanidad <\/strong>de <a href=\"https:\/\/www.tevafarmacia.es\/\" target=\"_blank\" rel=\"noopener\"><strong>Teva<\/strong><\/a>, un reconocimiento que destaca iniciativas que ponen en el centro a las personas y mejoran la calidad de vida de quienes conviven con problemas de salud. En esta edici\u00f3n, el jurado ha valorado especialmente proyectos que refuerzan el acompa\u00f1amiento, la autonom\u00eda y el bienestar emocional de las personas con problemas de salud mental.<\/p>\n<p data-start=\"664\" data-end=\"1079\">Nuestro proyecto <strong data-start=\"681\" data-end=\"698\">Volver a Casa<\/strong> ha sido distinguido como una de las propuestas finalistas. Esta iniciativa facilita el retorno de ni\u00f1os y ni\u00f1as en acogimiento residencial a sus familias de origen, previniendo as\u00ed problemas de salud mental infantil.<\/p>\n<h3 data-start=\"1081\" data-end=\"1139\">Un proyecto centrado en la vida y en las personas<\/h3>\n<p data-start=\"1140\" data-end=\"1299\">En Fundaci\u00f3n Manantial tenemos un compromiso profundo con la infancia, las familias vulnerables y la salud mental: acompa\u00f1amos el sufrimiento ps\u00edquico desde el origen, con respeto, ternura y una presencia constante que sostiene y repara.<\/p>\n<p>Volver a casa es un proyecto para facilitar el retorno de ni\u00f1os y ni\u00f1as en acogimiento residencial a sus familias de origen, a trav\u00e9s de<br \/>\nun modelo de intervenci\u00f3n psicosocial basado en la metodolog\u00eda Casa Verde.\u00a0Queremos reducir la institucionalizaci\u00f3n prolongada y<br \/>\npromover la estabilidad emocional y social de los menores en situaci\u00f3n de vulnerabilidad.<\/p>\n<p data-start=\"1494\" data-end=\"1682\">El programa tiene como objetivos facilitar la reunificaci\u00f3n familiar segura de menores en acogimiento residencial; reducir la institucionalizaci\u00f3n prolongada y sus efectos negativos; mejorar la estabilidad emocional y social de menores y familias; validar una metodolog\u00eda de intervenci\u00f3n transferible, y\u00a0 promover la integraci\u00f3n del modelo en pol\u00edticas p\u00fablicas.<\/p>\n<h3 data-start=\"1684\" data-end=\"1730\">Premios que reconocen la humanizaci\u00f3n<\/h3>\n<p data-start=\"1731\" data-end=\"2351\">Los <strong data-start=\"1735\" data-end=\"1769\">Premios Humanizando la Sanidad<\/strong> destacan cada a\u00f1o proyectos ejemplares impulsados por entidades, profesionales y organizaciones comprometidas con una atenci\u00f3n m\u00e1s humana. Estos premios reconocen iniciativas que impactan en la vida real de las personas, especialmente en \u00e1mbitos como la salud mental, la cronicidad, el acompa\u00f1amiento o la atenci\u00f3n social integrada. M\u00e1s informaci\u00f3n <a href=\"https:\/\/isanidad.com\/352446\/los-premios-humanizando-la-sanidad-reconocen-proyectos-que-mejoran-la-calidad-de-vida-de-las-personas-con-problemas-de-salud-mental\/\" target=\"_blank\" rel=\"noopener\">aqu\u00ed<\/a>.<\/p>\n<p data-start=\"2353\" data-end=\"2561\">Ser finalistas supone un impulso y un orgullo para todo el equipo de Fundaci\u00f3n Manantial, y un reconocimiento al trabajo diario para seguir mejorando el bienestar emocional de las personas con problemas de salud mental y creando una sociedad m\u00e1s inclusiva y respetuosa con sus derechos.<\/p>\n","protected":false},"excerpt":{"rendered":"<p>Fundaci\u00f3n Manantial ha sido finalista en los Premios Humanizando la Sanidad de Teva, un reconocimiento que destaca iniciativas que ponen en el centro a las personas y mejoran la calidad de vida de quienes conviven con problemas de salud. En esta edici\u00f3n, el jurado ha valorado especialmente proyectos que refuerzan el acompa\u00f1amiento, la autonom\u00eda y [&hellip;]<\/p>\n","protected":false},"author":7,"featured_media":10800,"comment_status":"closed","ping_status":"closed","sticky":false,"template":"","format":"standard","meta":{"_acf_changed":false,"give_campaign_id":0,"_seopress_robots_primary_cat":"none","_seopress_titles_title":"Fundaci\u00f3n Manantial, finalista en los Premios Humanizando la Sanidad con el proyecto Volver a Casa","_seopress_titles_desc":"El proyecto Volver a Casa de Fundaci\u00f3n Manantial ha sido finalista en los Premios Humanizando la Sanidad por su labor en apoyar la vuelta al hogar y la autonom\u00eda de personas con problemas de salud mental.","_seopress_robots_index":"","footnotes":""},"categories":[34],"tags":[879,1541,177,880,1540,85,1389,1539,98,1538,100,1398,65,1537],"class_list":["post-10796","post","type-post","status-publish","format-standard","has-post-thumbnail","hentry","category-noticias-fundacion-manantial","tag-apoyo-comunitario","tag-atencion-centrada-en-la-persona","tag-autonomia","tag-bienestar-emocional","tag-calidad-de-vida","tag-fundacion-manantial","tag-humanizacion","tag-inclusion-comunitaria","tag-infancia","tag-premios-humanizando-la-sanidad","tag-prevencion","tag-proyectos-sociales","tag-salud-mental","tag-volver-a-casa"],"acf":[],"_links":{"self":[{"href":"https:\/\/www.fundacionmanantial.org\/en\/wp-json\/wp\/v2\/posts\/10796","targetHints":{"allow":["GET"]}}],"collection":[{"href":"https:\/\/www.fundacionmanantial.org\/en\/wp-json\/wp\/v2\/posts"}],"about":[{"href":"https:\/\/www.fundacionmanantial.org\/en\/wp-json\/wp\/v2\/types\/post"}],"author":[{"embeddable":true,"href":"https:\/\/www.fundacionmanantial.org\/en\/wp-json\/wp\/v2\/users\/7"}],"replies":[{"embeddable":true,"href":"https:\/\/www.fundacionmanantial.org\/en\/wp-json\/wp\/v2\/comments?post=10796"}],"version-history":[{"count":3,"href":"https:\/\/www.fundacionmanantial.org\/en\/wp-json\/wp\/v2\/posts\/10796\/revisions"}],"predecessor-version":[{"id":10803,"href":"https:\/\/www.fundacionmanantial.org\/en\/wp-json\/wp\/v2\/posts\/10796\/revisions\/10803"}],"wp:featuredmedia":[{"embeddable":true,"href":"https:\/\/www.fundacionmanantial.org\/en\/wp-json\/wp\/v2\/media\/10800"}],"wp:attachment":[{"href":"https:\/\/www.fundacionmanantial.org\/en\/wp-json\/wp\/v2\/media?parent=10796"}],"wp:term":[{"taxonomy":"category","embeddable":true,"href":"https:\/\/www.fundacionmanantial.org\/en\/wp-json\/wp\/v2\/categories?post=10796"},{"taxonomy":"post_tag","embeddable":true,"href":"https:\/\/www.fundacionmanantial.org\/en\/wp-json\/wp\/v2\/tags?post=10796"}],"curies":[{"name":"wp","href":"https:\/\/api.w.org\/{rel}","templated":true}]}}