{"id":10780,"date":"2025-12-01T12:34:13","date_gmt":"2025-12-01T11:34:13","guid":{"rendered":"https:\/\/www.fundacionmanantial.org\/?p=10780"},"modified":"2025-12-01T12:34:13","modified_gmt":"2025-12-01T11:34:13","slug":"fundacion-manantial-refuerza-su-presencia-en-medios-y-redes-sociales-durante-noviembre-de-2025","status":"publish","type":"post","link":"https:\/\/www.fundacionmanantial.org\/en\/fundacion-manantial-refuerza-su-presencia-en-medios-y-redes-sociales-durante-noviembre-de-2025\/","title":{"rendered":"Fundaci\u00f3n Manantial refuerza su presencia en medios y redes sociales durante noviembre de 2025"},"content":{"rendered":"<p>Fundaci\u00f3n Manantial ha cerrado el mes de noviembre con una presencia destacada tanto en medios de comunicaci\u00f3n como en redes sociales, gracias a la cobertura de iniciativas vinculadas al 25N, la salud mental comunitaria y la actividad desarrollada en sus centros de la Comunidad de Madrid y la Comunidad Valenciana. En total, se han registrado <strong data-start=\"518\" data-end=\"543\">36 impactos en medios<\/strong> y una <strong data-start=\"550\" data-end=\"606\">audiencia potencial de m\u00e1s de 4 millones de usuarios<\/strong>, con un <strong data-start=\"615\" data-end=\"635\">VPE de 130.702 \u20ac<\/strong>.<\/p>\n<p>Entre los impactos m\u00e1s relevantes destacan informaciones en <em data-start=\"736\" data-end=\"746\">El Mundo<\/em>, <em data-start=\"748\" data-end=\"758\">La Raz\u00f3n<\/em>, <em data-start=\"760\" data-end=\"784\">Peri\u00f3dico Mediterr\u00e1neo y<\/em>\u00a0<em data-start=\"786\" data-end=\"792\">COPE<\/em>, con especial visibilidad en torno a la lucha contra la violencia machista, la concienciaci\u00f3n en salud mental y la participaci\u00f3n en actividades sociales y comunitarias.<\/p>\n<p data-start=\"1013\" data-end=\"1442\">En <strong>redes sociales<\/strong>, noviembre volvi\u00f3 a ser un mes de alta actividad, con un crecimiento notable de seguidores en varios perfiles, especialmente en el <a href=\"https:\/\/www.instagram.com\/fundacionmanantial\/\" target=\"_blank\" rel=\"noopener\">Instagram<\/a> de Fundaci\u00f3n Manantial, que sum\u00f3 <strong data-start=\"1207\" data-end=\"1232\">157 nuevos seguidores<\/strong> y super\u00f3 las <strong data-start=\"1246\" data-end=\"1275\">34.000 cuentas alcanzadas<\/strong>. Los contenidos relacionados con el 25N y los mensajes de sensibilizaci\u00f3n fueron los que lograron mayor interacci\u00f3n y viralidad.<\/p>\n<p data-start=\"1444\" data-end=\"1718\">Las publicaciones destacadas en Instagram, Facebook, LinkedIn y X muestran un mes centrado en la igualdad, la salud mental, la participaci\u00f3n comunitaria y el impacto social de los programas desarrollados en nuestros centros y servicios.<\/p>\n<p data-start=\"1720\" data-end=\"1942\">Noviembre confirma as\u00ed la consolidaci\u00f3n de Fundaci\u00f3n Manantial como un referente informativo sobre salud mental y un agente activo en la conversaci\u00f3n digital, ampliando su alcance, visibilidad y capacidad de concienciaci\u00f3n.<\/p>\n<p class=\"not-prose mt-0! mb-0! flex-auto truncate\"><a href=\"https:\/\/www.fundacionmanantial.org\/wp-content\/uploads\/2025\/12\/Clipping-Fundacion-Manantial-noviembre-2025.pdf\" target=\"_blank\" rel=\"noopener\">Ver el clipping completo de Fundaci\u00f3n Manantial en noviembre 2025<\/a><\/p>\n<p class=\"not-prose mt-0! mb-0! flex-auto truncate\">\n","protected":false},"excerpt":{"rendered":"<p>Fundaci\u00f3n Manantial ha cerrado el mes de noviembre con una presencia destacada tanto en medios de comunicaci\u00f3n como en redes sociales, gracias a la cobertura de iniciativas vinculadas al 25N, la salud mental comunitaria y la actividad desarrollada en sus centros de la Comunidad de Madrid y la Comunidad Valenciana. En total, se han registrado [&hellip;]<\/p>\n","protected":false},"author":7,"featured_media":8316,"comment_status":"closed","ping_status":"closed","sticky":false,"template":"","format":"standard","meta":{"_acf_changed":false,"give_campaign_id":0,"_seopress_robots_primary_cat":"none","_seopress_titles_title":"Fundaci\u00f3n Manantial refuerza su presencia en medios y redes sociales durante noviembre de 2025","_seopress_titles_desc":"Fundaci\u00f3n Manantial incrementa su visibilidad en noviembre con 36 impactos en medios, m\u00e1s de 4 millones de audiencia y fuerte actividad en redes sociales.","_seopress_robots_index":"","footnotes":""},"categories":[34],"tags":[904,381,934,85,438,925,139,367,509,1536,421,65,111,130,1138],"class_list":["post-10780","post","type-post","status-publish","format-standard","has-post-thumbnail","hentry","category-noticias-fundacion-manantial","tag-25n","tag-clipping","tag-comunitat-valenciana","tag-fundacion-manantial","tag-igualdad","tag-impacto-social","tag-inclusion-social","tag-madrid","tag-medios-de-comunicacion","tag-noviembre-2025","tag-redes-sociales","tag-salud-mental","tag-sensibilizacion","tag-vila-real","tag-vpe"],"acf":[],"_links":{"self":[{"href":"https:\/\/www.fundacionmanantial.org\/en\/wp-json\/wp\/v2\/posts\/10780","targetHints":{"allow":["GET"]}}],"collection":[{"href":"https:\/\/www.fundacionmanantial.org\/en\/wp-json\/wp\/v2\/posts"}],"about":[{"href":"https:\/\/www.fundacionmanantial.org\/en\/wp-json\/wp\/v2\/types\/post"}],"author":[{"embeddable":true,"href":"https:\/\/www.fundacionmanantial.org\/en\/wp-json\/wp\/v2\/users\/7"}],"replies":[{"embeddable":true,"href":"https:\/\/www.fundacionmanantial.org\/en\/wp-json\/wp\/v2\/comments?post=10780"}],"version-history":[{"count":2,"href":"https:\/\/www.fundacionmanantial.org\/en\/wp-json\/wp\/v2\/posts\/10780\/revisions"}],"predecessor-version":[{"id":10786,"href":"https:\/\/www.fundacionmanantial.org\/en\/wp-json\/wp\/v2\/posts\/10780\/revisions\/10786"}],"wp:featuredmedia":[{"embeddable":true,"href":"https:\/\/www.fundacionmanantial.org\/en\/wp-json\/wp\/v2\/media\/8316"}],"wp:attachment":[{"href":"https:\/\/www.fundacionmanantial.org\/en\/wp-json\/wp\/v2\/media?parent=10780"}],"wp:term":[{"taxonomy":"category","embeddable":true,"href":"https:\/\/www.fundacionmanantial.org\/en\/wp-json\/wp\/v2\/categories?post=10780"},{"taxonomy":"post_tag","embeddable":true,"href":"https:\/\/www.fundacionmanantial.org\/en\/wp-json\/wp\/v2\/tags?post=10780"}],"curies":[{"name":"wp","href":"https:\/\/api.w.org\/{rel}","templated":true}]}}