{"id":10775,"date":"2025-12-01T12:44:59","date_gmt":"2025-12-01T11:44:59","guid":{"rendered":"https:\/\/www.fundacionmanantial.org\/?p=10775"},"modified":"2025-12-01T12:56:59","modified_gmt":"2025-12-01T11:56:59","slug":"fundacion-manantial-recibe-un-reconocimiento-del-ayuntamiento-de-madrid-por-su-trayectoria-en-voluntariado","status":"publish","type":"post","link":"https:\/\/www.fundacionmanantial.org\/en\/fundacion-manantial-recibe-un-reconocimiento-del-ayuntamiento-de-madrid-por-su-trayectoria-en-voluntariado\/","title":{"rendered":"Fundaci\u00f3n Manantial recibe un reconocimiento del Ayuntamiento de Madrid por su trayectoria en voluntariado"},"content":{"rendered":"<p data-start=\"197\" data-end=\"530\">El Ayuntamiento de Madrid ha celebrado hoy el <strong data-start=\"265\" data-end=\"307\">acto de reconocimiento al Voluntariado<\/strong> con motivo del <strong data-start=\"323\" data-end=\"359\">D\u00eda Internacional del Voluntario<\/strong> y del <strong data-start=\"366\" data-end=\"410\">XX aniversario de Voluntarios por Madrid<\/strong>, un evento que ha reunido a entidades y personas que contribuyen de forma activa a la red de acci\u00f3n solidaria de la ciudad.<\/p>\n<p data-start=\"532\" data-end=\"944\">El Ayuntamiento ha otorgado el &#8220;Chaleco de oro&#8221; a <strong data-start=\"575\" data-end=\"598\">Fundaci\u00f3n Manantial<\/strong>, un <strong data-start=\"602\" data-end=\"672\">reconocimiento por su trayectoria e implicaci\u00f3n en el voluntariado<\/strong>, destacando la colaboraci\u00f3n sostenida que la entidad mantiene con Voluntarios por Madrid desde el a\u00f1o 2015. Un gesto institucional que celebra el compromiso de la organizaci\u00f3n con la participaci\u00f3n social y el acompa\u00f1amiento a personas con problemas de salud mental.<\/p>\n<h3 data-start=\"946\" data-end=\"989\">Un reconocimiento al trabajo compartido<\/h3>\n<p data-start=\"991\" data-end=\"1209\">El reconocimiento subraya la aportaci\u00f3n de Fundaci\u00f3n Manantial en iniciativas comunitarias, actividades de concienciaci\u00f3n y proyectos de inclusi\u00f3n social desarrollados junto al Ayuntamiento y su red de voluntariado.<\/p>\n<p data-start=\"1211\" data-end=\"1421\">Para Manantial, este homenaje supone un <strong data-start=\"1251\" data-end=\"1282\">motivo de orgullo colectivo<\/strong>, que pone en valor la dedicaci\u00f3n de las personas voluntarias, profesionales y participantes que hacen posible los programas de la entidad.<\/p>\n<p data-start=\"1463\" data-end=\"1575\">El acto, presidido por el <strong data-start=\"1489\" data-end=\"1510\">alcalde de Madrid<\/strong>, Jos\u00e9 Luis Mart\u00ednez-Almeida y que ha apadrinado el humorista <strong>Carlos Latre<\/strong>, ha tenido lugar en la Nave de Terneras, donde <strong data-start=\"1582\" data-end=\"1614\">Miguel D\u00edaz, <\/strong>responsable de Voluntariado y Ocio de Fundaci\u00f3n Manantial, ha sido el encargado de recoger el premio.<\/p>\n<h3 data-start=\"946\" data-end=\"989\">\u00bfQuieres hacer voluntariado en Fundaci\u00f3n Manantial?<\/h3>\n<p id=\"brxe-oijoli\" class=\"brxe-text-basic p-no-space\">Descubre <a href=\"https:\/\/www.fundacionmanantial.org\/servicios-de-salud-mental\/voluntariado\/\" target=\"_blank\" rel=\"noopener\">m\u00e1s informaci\u00f3n en nuestra web<\/a> o escr\u00edbenos a voluntariado@fundacionmanantial.org<\/p>\n","protected":false},"excerpt":{"rendered":"<p>El Ayuntamiento de Madrid ha celebrado hoy el acto de reconocimiento al Voluntariado con motivo del D\u00eda Internacional del Voluntario y del XX aniversario de Voluntarios por Madrid, un evento que ha reunido a entidades y personas que contribuyen de forma activa a la red de acci\u00f3n solidaria de la ciudad. El Ayuntamiento ha otorgado [&hellip;]<\/p>\n","protected":false},"author":7,"featured_media":10793,"comment_status":"closed","ping_status":"closed","sticky":false,"template":"","format":"standard","meta":{"_acf_changed":false,"give_campaign_id":0,"_seopress_robots_primary_cat":"none","_seopress_titles_title":"Fundaci\u00f3n Manantial recibe un reconocimiento del Ayuntamiento de Madrid por su trayectoria en voluntariado","_seopress_titles_desc":"El Ayuntamiento de Madrid reconoce a Fundaci\u00f3n Manantial por su trayectoria e implicaci\u00f3n en el voluntariado durante el acto del D\u00eda Internacional del Voluntario y el XX aniversario de Voluntarios por Madrid celebrado en la Nave de Terneras.","_seopress_robots_index":"","footnotes":""},"categories":[34],"tags":[1535,1531,1533,1534,85,61,367,1134,220,65,102,1532],"class_list":["post-10775","post","type-post","status-publish","format-standard","has-post-thumbnail","hentry","category-noticias-fundacion-manantial","tag-accion-comunitaria","tag-ayuntamiento-de-madrid","tag-dia-internacional-del-voluntario","tag-elena-biurrun","tag-fundacion-manantial","tag-inclusion","tag-madrid","tag-participacion-social","tag-reconocimiento","tag-salud-mental","tag-voluntariado","tag-voluntarios-por-madrid"],"acf":[],"_links":{"self":[{"href":"https:\/\/www.fundacionmanantial.org\/en\/wp-json\/wp\/v2\/posts\/10775","targetHints":{"allow":["GET"]}}],"collection":[{"href":"https:\/\/www.fundacionmanantial.org\/en\/wp-json\/wp\/v2\/posts"}],"about":[{"href":"https:\/\/www.fundacionmanantial.org\/en\/wp-json\/wp\/v2\/types\/post"}],"author":[{"embeddable":true,"href":"https:\/\/www.fundacionmanantial.org\/en\/wp-json\/wp\/v2\/users\/7"}],"replies":[{"embeddable":true,"href":"https:\/\/www.fundacionmanantial.org\/en\/wp-json\/wp\/v2\/comments?post=10775"}],"version-history":[{"count":5,"href":"https:\/\/www.fundacionmanantial.org\/en\/wp-json\/wp\/v2\/posts\/10775\/revisions"}],"predecessor-version":[{"id":10795,"href":"https:\/\/www.fundacionmanantial.org\/en\/wp-json\/wp\/v2\/posts\/10775\/revisions\/10795"}],"wp:featuredmedia":[{"embeddable":true,"href":"https:\/\/www.fundacionmanantial.org\/en\/wp-json\/wp\/v2\/media\/10793"}],"wp:attachment":[{"href":"https:\/\/www.fundacionmanantial.org\/en\/wp-json\/wp\/v2\/media?parent=10775"}],"wp:term":[{"taxonomy":"category","embeddable":true,"href":"https:\/\/www.fundacionmanantial.org\/en\/wp-json\/wp\/v2\/categories?post=10775"},{"taxonomy":"post_tag","embeddable":true,"href":"https:\/\/www.fundacionmanantial.org\/en\/wp-json\/wp\/v2\/tags?post=10775"}],"curies":[{"name":"wp","href":"https:\/\/api.w.org\/{rel}","templated":true}]}}