{"id":10639,"date":"2025-10-23T11:16:09","date_gmt":"2025-10-23T10:16:09","guid":{"rendered":"https:\/\/www.fundacionmanantial.org\/?p=10639"},"modified":"2025-10-23T11:31:10","modified_gmt":"2025-10-23T10:31:10","slug":"fundacion-manantial-participa-en-el-iv-foro-gijon-de-innovacion-y-desigualdad-con-el-proyecto-rayadas","status":"publish","type":"post","link":"https:\/\/www.fundacionmanantial.org\/en\/fundacion-manantial-participa-en-el-iv-foro-gijon-de-innovacion-y-desigualdad-con-el-proyecto-rayadas\/","title":{"rendered":"Fundaci\u00f3n Manantial participa en el IV Foro Gij\u00f3n de Innovaci\u00f3n y Desigualdad con el proyecto #Rayadas"},"content":{"rendered":"<p data-start=\"332\" data-end=\"686\">El 23 de octubre, <strong data-start=\"361\" data-end=\"384\">Fundaci\u00f3n Manantial<\/strong> particip\u00f3 en el <strong data-start=\"401\" data-end=\"446\">IV Foro Gij\u00f3n de Innovaci\u00f3n y Desigualdad<\/strong>, organizado por <a href=\"https:\/\/cotec.es\/la-fundacion\/\" target=\"_blank\" rel=\"noopener\"><strong data-start=\"463\" data-end=\"472\">Cotec<\/strong><\/a> y el <a href=\"https:\/\/www.gijon.es\/es\" target=\"_blank\" rel=\"noopener\"><strong data-start=\"478\" data-end=\"503\">Ayuntamiento de Gij\u00f3n<\/strong><\/a> en el <strong data-start=\"510\" data-end=\"536\">LABoral Centro de Arte<\/strong>, un encuentro que se ha consolidado como un espacio de reflexi\u00f3n y escucha activa sobre los grandes desaf\u00edos sociales que afronta nuestra sociedad.<\/p>\n<p data-start=\"688\" data-end=\"965\">En esta edici\u00f3n, el Foro centr\u00f3 el foco en los <strong data-start=\"735\" data-end=\"788\">principales retos y preocupaciones de la juventud<\/strong>, abord\u00e1ndolos desde una mirada <strong data-start=\"820\" data-end=\"860\">intergeneracional y multidisciplinar<\/strong>, con la participaci\u00f3n de referentes del \u00e1mbito de la innovaci\u00f3n, la ciencia, la empresa y la pol\u00edtica.<\/p>\n<h3 data-start=\"967\" data-end=\"1034\">Innovaci\u00f3n y salud mental: el reto de cuidar a la juventud<\/h3>\n<p data-start=\"1036\" data-end=\"1328\"><a href=\"https:\/\/es.linkedin.com\/in\/raquel-del-amo-g%C3%B3mez-2bb02929\" target=\"_blank\" rel=\"noopener\"><strong data-start=\"1036\" data-end=\"1054\">Raquel del Amo<\/strong><\/a>, responsable del \u00c1rea de Prevenci\u00f3n y Bienestar Infantojuvenil de Fundaci\u00f3n Manantial, particip\u00f3 en la <strong data-start=\"1158\" data-end=\"1195\">mesa de debate sobre salud mental<\/strong>, donde comparti\u00f3 la experiencia de la entidad en intervenci\u00f3n directa con adolescentes y present\u00f3 el proyecto <strong data-start=\"1310\" data-end=\"1322\">#Rayadas<\/strong>.<\/p>\n<blockquote data-start=\"1330\" data-end=\"1561\">\n<p data-start=\"1332\" data-end=\"1561\">\u201cLa salud mental debe trabajarse desde la cercan\u00eda y la prevenci\u00f3n, escuchando a los j\u00f3venes, ayud\u00e1ndoles a comprender su malestar y a gestionar su relaci\u00f3n con el entorno digital\u201d, explic\u00f3 Raquel del Amo.<\/p>\n<\/blockquote>\n<p data-start=\"1563\" data-end=\"1922\">El <a href=\"https:\/\/www.fundacionmanantial.org\/proyectos-para-hacer-frente-al-dolor-de-los-adolescentes-rayadas-en-el-mundo\/\" target=\"_blank\" rel=\"noopener\">proyecto <strong data-start=\"1575\" data-end=\"1587\">#Rayadas<\/strong><\/a> ofrece espacios de di\u00e1logo en institutos y entornos educativos donde los adolescentes pueden <strong data-start=\"1681\" data-end=\"1819\">hablar de lo que les ocurre, identificar sus miedos, conocer los recursos de ayuda y aprender a gestionar el uso de las redes sociales<\/strong>. Su metodolog\u00eda parte de un enfoque participativo, preventivo y adaptado al lenguaje de los j\u00f3venes.<\/p>\n<h3 data-start=\"1924\" data-end=\"1979\">Innovaci\u00f3n al servicio del bienestar emocional<\/h3>\n<p data-start=\"1981\" data-end=\"2388\">La mesa, moderada por Cotec, abord\u00f3 el potencial de la innovaci\u00f3n para mejorar la atenci\u00f3n en salud mental juvenil. Se reflexion\u00f3 sobre <strong data-start=\"2117\" data-end=\"2193\">c\u00f3mo los nuevos modelos de intervenci\u00f3n y la colaboraci\u00f3n entre sectores<\/strong> pueden favorecer un acceso m\u00e1s equitativo y adaptado a los servicios de apoyo emocional, as\u00ed como sobre el <strong data-start=\"2301\" data-end=\"2350\">impacto de la tecnolog\u00eda y las redes sociales<\/strong> en el bienestar de esta generaci\u00f3n.<\/p>\n<p data-start=\"2390\" data-end=\"2670\">Adem\u00e1s de Fundaci\u00f3n Manantial, participaron en el debate <strong data-start=\"2447\" data-end=\"2465\">Anna Sanmart\u00edn<\/strong> (directora de Investigaci\u00f3n de <a href=\"https:\/\/fad.es\/quienes-somos\/\" target=\"_blank\" rel=\"noopener\"><strong data-start=\"2497\" data-end=\"2513\">Fad Juventud<\/strong><\/a>), <strong data-start=\"2516\" data-end=\"2537\">Francisco Puentes<\/strong> (subdirector de la <a href=\"https:\/\/aesia.digital.gob.es\/es\" target=\"_blank\" rel=\"noopener\"><strong data-start=\"2557\" data-end=\"2622\">Agencia Espa\u00f1ola de Supervisi\u00f3n de la Inteligencia Artificial<\/strong><\/a>), y <strong data-start=\"2627\" data-end=\"2645\">Ra\u00fal Alel\u00fa-Paz<\/strong> (CEO de <a href=\"https:\/\/www.thera4all.com\/\" target=\"_blank\" rel=\"noopener\"><strong data-start=\"2654\" data-end=\"2666\">Thera4all<\/strong><\/a>).<\/p>\n<p data-start=\"2672\" data-end=\"2922\">Desde Fundaci\u00f3n Manantial agradecemos a <strong data-start=\"2712\" data-end=\"2721\">Cotec<\/strong> la invitaci\u00f3n a formar parte de este espacio de di\u00e1logo y reflexi\u00f3n, que impulsa la innovaci\u00f3n social como herramienta para reducir desigualdades y promover el bienestar emocional de la juventud.<\/p>\n","protected":false},"excerpt":{"rendered":"<p>El 23 de octubre, Fundaci\u00f3n Manantial particip\u00f3 en el IV Foro Gij\u00f3n de Innovaci\u00f3n y Desigualdad, organizado por Cotec y el Ayuntamiento de Gij\u00f3n en el LABoral Centro de Arte, un encuentro que se ha consolidado como un espacio de reflexi\u00f3n y escucha activa sobre los grandes desaf\u00edos sociales que afronta nuestra sociedad. En esta [&hellip;]<\/p>\n","protected":false},"author":7,"featured_media":10644,"comment_status":"closed","ping_status":"closed","sticky":false,"template":"","format":"standard","meta":{"_acf_changed":false,"give_campaign_id":0,"_seopress_robots_primary_cat":"none","_seopress_titles_title":"Fundaci\u00f3n Manantial presenta el proyecto #Rayadas en el IV Foro Gij\u00f3n de Innovaci\u00f3n y Desigualdad","_seopress_titles_desc":"Fundaci\u00f3n Manantial particip\u00f3 en el IV Foro Gij\u00f3n de Innovaci\u00f3n y Desigualdad, organizado por Cotec, compartiendo la experiencia del proyecto #Rayadas sobre salud mental y prevenci\u00f3n con adolescentes.","_seopress_robots_index":"","footnotes":""},"categories":[34],"tags":[1367,880,1462,470,1463,85,61,1155,1464,420,100,492,421,65],"class_list":["post-10639","post","type-post","status-publish","format-standard","has-post-thumbnail","hentry","category-noticias-fundacion-manantial","tag-adolescencia","tag-bienestar-emocional","tag-cotec","tag-educacion","tag-foro-gijon","tag-fundacion-manantial","tag-inclusion","tag-innovacion-social","tag-innovacion-y-desigualdad","tag-juventud","tag-prevencion","tag-rayadas","tag-redes-sociales","tag-salud-mental"],"acf":[],"_links":{"self":[{"href":"https:\/\/www.fundacionmanantial.org\/en\/wp-json\/wp\/v2\/posts\/10639","targetHints":{"allow":["GET"]}}],"collection":[{"href":"https:\/\/www.fundacionmanantial.org\/en\/wp-json\/wp\/v2\/posts"}],"about":[{"href":"https:\/\/www.fundacionmanantial.org\/en\/wp-json\/wp\/v2\/types\/post"}],"author":[{"embeddable":true,"href":"https:\/\/www.fundacionmanantial.org\/en\/wp-json\/wp\/v2\/users\/7"}],"replies":[{"embeddable":true,"href":"https:\/\/www.fundacionmanantial.org\/en\/wp-json\/wp\/v2\/comments?post=10639"}],"version-history":[{"count":3,"href":"https:\/\/www.fundacionmanantial.org\/en\/wp-json\/wp\/v2\/posts\/10639\/revisions"}],"predecessor-version":[{"id":10646,"href":"https:\/\/www.fundacionmanantial.org\/en\/wp-json\/wp\/v2\/posts\/10639\/revisions\/10646"}],"wp:featuredmedia":[{"embeddable":true,"href":"https:\/\/www.fundacionmanantial.org\/en\/wp-json\/wp\/v2\/media\/10644"}],"wp:attachment":[{"href":"https:\/\/www.fundacionmanantial.org\/en\/wp-json\/wp\/v2\/media?parent=10639"}],"wp:term":[{"taxonomy":"category","embeddable":true,"href":"https:\/\/www.fundacionmanantial.org\/en\/wp-json\/wp\/v2\/categories?post=10639"},{"taxonomy":"post_tag","embeddable":true,"href":"https:\/\/www.fundacionmanantial.org\/en\/wp-json\/wp\/v2\/tags?post=10639"}],"curies":[{"name":"wp","href":"https:\/\/api.w.org\/{rel}","templated":true}]}}