{"id":10633,"date":"2025-10-23T08:29:29","date_gmt":"2025-10-23T07:29:29","guid":{"rendered":"https:\/\/www.fundacionmanantial.org\/?p=10633"},"modified":"2025-10-23T08:29:29","modified_gmt":"2025-10-23T07:29:29","slug":"fundacion-manantial-participa-en-la-semana-de-la-salud-mental-de-astrazeneca","status":"publish","type":"post","link":"https:\/\/www.fundacionmanantial.org\/en\/fundacion-manantial-participa-en-la-semana-de-la-salud-mental-de-astrazeneca\/","title":{"rendered":"Fundaci\u00f3n Manantial participa en la Semana de la Salud Mental de AstraZeneca"},"content":{"rendered":"<p data-start=\"367\" data-end=\"706\">En el marco de la <strong data-start=\"385\" data-end=\"414\">Semana de la Salud Mental<\/strong> organizada por <strong data-start=\"430\" data-end=\"445\">AstraZeneca<\/strong>, <strong data-start=\"447\" data-end=\"470\">Fundaci\u00f3n Manantial<\/strong> particip\u00f3 en el espacio <em data-start=\"495\" data-end=\"509\">\u201cThis Is Me\u201d<\/em>, un di\u00e1logo sobre <strong data-start=\"539\" data-end=\"599\">bienestar emocional y salud mental en el entorno laboral<\/strong>, celebrado en las oficinas de la compa\u00f1\u00eda en Madrid y retransmitido en directo a toda su red de centros.<\/p>\n<p data-start=\"708\" data-end=\"1068\">En este encuentro intervinieron <strong data-start=\"740\" data-end=\"765\">Natalia de la Iglesia<\/strong> y <strong data-start=\"768\" data-end=\"786\">Tamara Jim\u00e9nez<\/strong>, profesionales de Fundaci\u00f3n Manantial con experiencia en primera persona en salud mental, que compartieron vivencias y reflexiones sobre la importancia de <strong data-start=\"958\" data-end=\"1007\">hablar abiertamente del sufrimiento emocional<\/strong> y <strong data-start=\"1010\" data-end=\"1065\">normalizar la salud mental en el entorno de trabajo<\/strong>.<\/p>\n<p data-start=\"1070\" data-end=\"1357\">A la sesi\u00f3n asistieron tambi\u00e9n <strong data-start=\"1101\" data-end=\"1119\">Sonia Carral\u00f3n<\/strong>, directora de Empleo de Fundaci\u00f3n Manantial, y <strong data-start=\"1167\" data-end=\"1187\">Mar Cabello Ru\u00edz<\/strong>, directora del Centro de Rehabilitaci\u00f3n Psicosocial &#8220;Fuenlabrada&#8221;. El caf\u00e9 fue servido por <a href=\"https:\/\/www.fundacionmanantial.org\/deliciosamente-el-nuevo-servicio-de-delivery-sostenible-y-social-de-fundacion-manantial\/\" target=\"_blank\" rel=\"noopener\"><strong data-start=\"1280\" data-end=\"1298\">Deliciosamente<\/strong><\/a>, el servicio de <em data-start=\"1315\" data-end=\"1335\">delivery <\/em>sostenible y social de Manantial.<\/p>\n<p data-start=\"1359\" data-end=\"1751\">Desde <strong data-start=\"1365\" data-end=\"1388\">Fundaci\u00f3n Manantial<\/strong> agradecemos a <strong data-start=\"1403\" data-end=\"1418\">AstraZeneca<\/strong> y, especialmente, a <strong data-start=\"1439\" data-end=\"1461\">Carla Ruiz Serrano<\/strong>, directora de Recursos Humanos, por su compromiso y por promover espacios de conversaci\u00f3n que ayudan a las empresas a avanzar hacia <strong data-start=\"1594\" data-end=\"1643\">entornos laborales inclusivos en salud mental<\/strong>, integrando el <strong data-start=\"1659\" data-end=\"1700\">modelo de Salud Mental Organizacional<\/strong> en sus estrategias de bienestar y diversidad.<\/p>\n","protected":false},"excerpt":{"rendered":"<p>En el marco de la Semana de la Salud Mental organizada por AstraZeneca, Fundaci\u00f3n Manantial particip\u00f3 en el espacio \u201cThis Is Me\u201d, un di\u00e1logo sobre bienestar emocional y salud mental en el entorno laboral, celebrado en las oficinas de la compa\u00f1\u00eda en Madrid y retransmitido en directo a toda su red de centros. En este [&hellip;]<\/p>\n","protected":false},"author":7,"featured_media":10637,"comment_status":"closed","ping_status":"closed","sticky":false,"template":"","format":"standard","meta":{"_acf_changed":false,"give_campaign_id":0,"_seopress_robots_primary_cat":"none","_seopress_titles_title":"Fundaci\u00f3n Manantial participa en la Semana de la Salud Mental de AstraZeneca con el di\u00e1logo \u201cThis Is Me\u201d","_seopress_titles_desc":"Fundaci\u00f3n Manantial particip\u00f3 en la Semana de la Salud Mental de AstraZeneca con el di\u00e1logo \u201cThis Is Me\u201d, compartiendo experiencias en primera persona y promoviendo la inclusi\u00f3n y el bienestar emocional en las empresas.","_seopress_robots_index":"","footnotes":""},"categories":[34],"tags":[1457,1065,1358,1458,1454,1461,85,874,831,1244,65,1460,1459],"class_list":["post-10633","post","type-post","status-publish","format-standard","has-post-thumbnail","hentry","category-noticias-fundacion-manantial","tag-astrazeneca","tag-bienestar-laboral","tag-deliciosamente","tag-diversidad-e-inclusion","tag-empresas-con-proposito","tag-experiencia-en-primera-persona","tag-fundacion-manantial","tag-inclusion-laboral","tag-responsabilidad-social","tag-salud-emocional","tag-salud-mental","tag-salud-mental-organizacional","tag-this-is-me"],"acf":[],"_links":{"self":[{"href":"https:\/\/www.fundacionmanantial.org\/en\/wp-json\/wp\/v2\/posts\/10633","targetHints":{"allow":["GET"]}}],"collection":[{"href":"https:\/\/www.fundacionmanantial.org\/en\/wp-json\/wp\/v2\/posts"}],"about":[{"href":"https:\/\/www.fundacionmanantial.org\/en\/wp-json\/wp\/v2\/types\/post"}],"author":[{"embeddable":true,"href":"https:\/\/www.fundacionmanantial.org\/en\/wp-json\/wp\/v2\/users\/7"}],"replies":[{"embeddable":true,"href":"https:\/\/www.fundacionmanantial.org\/en\/wp-json\/wp\/v2\/comments?post=10633"}],"version-history":[{"count":1,"href":"https:\/\/www.fundacionmanantial.org\/en\/wp-json\/wp\/v2\/posts\/10633\/revisions"}],"predecessor-version":[{"id":10636,"href":"https:\/\/www.fundacionmanantial.org\/en\/wp-json\/wp\/v2\/posts\/10633\/revisions\/10636"}],"wp:featuredmedia":[{"embeddable":true,"href":"https:\/\/www.fundacionmanantial.org\/en\/wp-json\/wp\/v2\/media\/10637"}],"wp:attachment":[{"href":"https:\/\/www.fundacionmanantial.org\/en\/wp-json\/wp\/v2\/media?parent=10633"}],"wp:term":[{"taxonomy":"category","embeddable":true,"href":"https:\/\/www.fundacionmanantial.org\/en\/wp-json\/wp\/v2\/categories?post=10633"},{"taxonomy":"post_tag","embeddable":true,"href":"https:\/\/www.fundacionmanantial.org\/en\/wp-json\/wp\/v2\/tags?post=10633"}],"curies":[{"name":"wp","href":"https:\/\/api.w.org\/{rel}","templated":true}]}}