{"id":10626,"date":"2025-10-22T11:45:30","date_gmt":"2025-10-22T10:45:30","guid":{"rendered":"https:\/\/www.fundacionmanantial.org\/?p=10626"},"modified":"2025-10-22T11:46:11","modified_gmt":"2025-10-22T10:46:11","slug":"fundacion-manantial-participa-en-el-evento-ongiving-con-proposito-en-el-palacio-de-la-bolsa-de-madrid","status":"publish","type":"post","link":"https:\/\/www.fundacionmanantial.org\/en\/fundacion-manantial-participa-en-el-evento-ongiving-con-proposito-en-el-palacio-de-la-bolsa-de-madrid\/","title":{"rendered":"Fundaci\u00f3n Manantial participa en el evento \u201cOngiving con prop\u00f3sito\u201d en el Palacio de la Bolsa de Madrid"},"content":{"rendered":"<p data-start=\"279\" data-end=\"578\"><strong data-start=\"279\" data-end=\"350\">Ayer se celebr\u00f3 el evento organizado por Ongiving y Fundaci\u00f3n SERES<\/strong>, una tarde inspiradora que reuni\u00f3 a empresas, fundaciones e influencers comprometidos con generar un <strong data-start=\"452\" data-end=\"475\">impacto social real<\/strong> y con una forma diferente de entender la <strong data-start=\"517\" data-end=\"575\">responsabilidad corporativa y el prop\u00f3sito empresarial<\/strong>.<\/p>\n<p data-start=\"580\" data-end=\"898\">La <strong data-start=\"583\" data-end=\"642\">directora general de Fundaci\u00f3n Manantial, <a href=\"https:\/\/es.linkedin.com\/in\/elena-biurrun-sainz-de-rozas-8b0575173\" target=\"_blank\" rel=\"noopener\">Elena Biurrun<\/a><\/strong>, particip\u00f3 en la primera mesa de di\u00e1logo, <em data-start=\"685\" data-end=\"743\">\u201cProp\u00f3sito y acci\u00f3n: empresa comprometida y competitiva\u201d<\/em>, compartiendo c\u00f3mo la colaboraci\u00f3n entre el <strong data-start=\"788\" data-end=\"810\">sector empresarial<\/strong> y el <strong data-start=\"816\" data-end=\"833\">tercer sector<\/strong> puede transformar la atenci\u00f3n a la <strong data-start=\"869\" data-end=\"895\">salud mental en Espa\u00f1a<\/strong>.<\/p>\n<blockquote data-start=\"900\" data-end=\"1018\">\n<p data-start=\"902\" data-end=\"1018\">\u201cCuando las empresas y las personas se unen por un prop\u00f3sito com\u00fan, la solidaridad deja huella\u2026 y no es de carbono.\u201d<\/p>\n<\/blockquote>\n<p data-start=\"1020\" data-end=\"1621\">El evento, impulsado por <strong data-start=\"1045\" data-end=\"1057\">Ongiving<\/strong>, <strong data-start=\"1059\" data-end=\"1066\">BME<\/strong> y <strong data-start=\"1069\" data-end=\"1088\">Fundaci\u00f3n SERES<\/strong>, fue un espacio de inspiraci\u00f3n y networking donde se compartieron experiencias y proyectos con impacto social. Participaron ponentes de referencia como Ana Andreu (Anitials), Juan Flames (BME), Laura Gonz\u00e1lez-Molero (DKV), Eduardo Petrossi (Mahou San Miguel), Elvira Vega (Fundaci\u00f3n MAPFRE), Fernando Ruiz (Fundaci\u00f3n SERES), Carlos Rueda (G\u00f3mez-Acebo &amp; Pombo), Paloma Miranda (Grupo GO), Mar\u00eda Carceller (Grupo Rodilla), Jos\u00e9 Manuel Casado (Qaracter) y Antonio Lence (Viena Capellanes).<\/p>\n<p data-start=\"1623\" data-end=\"2179\">La jornada culmin\u00f3 con la <strong data-start=\"1649\" data-end=\"1685\">I Gala de Influencers Solidarios<\/strong>, un reconocimiento a quienes utilizan su voz y su influencia para inspirar, sensibilizar y transformar la sociedad. Desde Fundaci\u00f3n Manantial queremos agradecer y felicitar a los premiados e invitados, entre ellos <strong data-start=\"1900\" data-end=\"2113\">@la_ordenatriz, @itstime_tothink, @jose_martinaguado, @nuevenecasa, @belmartinezmonasterio, @palomamartinezmonasterio, @adrianlozanodj, @pablobustos, @estelagrande, @soypichifit, @condobleyema, @danielillescas<\/strong> y <strong data-start=\"2116\" data-end=\"2133\">@pilarggranja<\/strong>, por su compromiso con las causas sociales.<\/p>\n<hr data-start=\"2181\" data-end=\"2184\" \/>\n<h3 data-start=\"2186\" data-end=\"2249\">\ud83c\udf0d <strong data-start=\"2193\" data-end=\"2249\">Ongiving: una nueva forma de conectar empresas y ONG<\/strong><\/h3>\n<p data-start=\"2251\" data-end=\"2535\"><a href=\"https:\/\/ongiving.com\/quienes-somos\" target=\"_blank\" rel=\"noopener\"><strong data-start=\"2251\" data-end=\"2263\">Ongiving<\/strong><\/a> es una plataforma digital que conecta <strong data-start=\"2302\" data-end=\"2354\">empresas, instituciones e iniciativas solidarias<\/strong> para impulsar proyectos con impacto real. Permite colaborar con ONG certificadas en campa\u00f1as de recaudaci\u00f3n de fondos, voluntariado corporativo o necesidades de apoyo en especie.<\/p>\n<hr data-start=\"2633\" data-end=\"2636\" \/>\n<h3 data-start=\"2638\" data-end=\"2719\">\ud83d\udc99 <strong data-start=\"2645\" data-end=\"2719\">Fundaci\u00f3n Manantial ya forma parte de Ongiving con tres causas activas<\/strong><\/h3>\n<p data-start=\"2721\" data-end=\"2870\">Fundaci\u00f3n Manantial participa en la plataforma con tres proyectos que representan nuestro compromiso con la <strong data-start=\"2829\" data-end=\"2867\">salud mental y la inclusi\u00f3n social<\/strong>:<\/p>\n<ul data-start=\"2872\" data-end=\"3237\">\n<li data-start=\"2872\" data-end=\"3003\">\n<p data-start=\"2874\" data-end=\"3003\">\ud83d\udc69\u200d\ud83c\udf73 <a href=\"https:\/\/ongiving.com\/causa\/55\" target=\"_blank\" rel=\"noopener\"><strong data-start=\"2880\" data-end=\"2898\">Deliciosamente<\/strong><\/a>, nuestro proyecto de <em data-start=\"2920\" data-end=\"2940\">delivery <\/em>que crea empleo para personas con problemas de salud mental.<\/p>\n<\/li>\n<li data-start=\"3004\" data-end=\"3093\">\n<p data-start=\"3006\" data-end=\"3093\">\ud83d\udcbc <a href=\"https:\/\/ongiving.com\/causa\/54\" target=\"_blank\" rel=\"noopener\"><strong data-start=\"3009\" data-end=\"3031\">Manantial Integra Farma<\/strong><\/a>, un proyecto que une salud mental, empleo y futuro.<\/p>\n<\/li>\n<li data-start=\"3094\" data-end=\"3237\">\n<p data-start=\"3096\" data-end=\"3237\">\ud83e\udd1d\u00a0<strong data-start=\"3099\" data-end=\"3144\">Servicio de apoyo <\/strong>para garantizar la igualdad de oportunidades para todas las personas, especialmente aquellas que enfrentan retos en su salud mental.<\/p>\n<\/li>\n<\/ul>\n<p data-start=\"3239\" data-end=\"3551\">Si eres una <strong data-start=\"3254\" data-end=\"3291\">empresa o particular<\/strong> y quieres colaborar, te invitamos a visitar nuestras causas en <a class=\"decorated-link\" href=\"https:\/\/ongiving.com\/ong\/75\" target=\"_blank\" rel=\"noopener\" data-start=\"3355\" data-end=\"3395\">www.ongiving.com<\/a> y sumar tu apoyo a nuestros proyectos.<\/p>\n<p data-start=\"3239\" data-end=\"3551\">Cada gesto cuenta para seguir construyendo una sociedad m\u00e1s justa, inclusiva y comprometida con la salud mental.<\/p>\n","protected":false},"excerpt":{"rendered":"<p>Ayer se celebr\u00f3 el evento organizado por Ongiving y Fundaci\u00f3n SERES, una tarde inspiradora que reuni\u00f3 a empresas, fundaciones e influencers comprometidos con generar un impacto social real y con una forma diferente de entender la responsabilidad corporativa y el prop\u00f3sito empresarial. La directora general de Fundaci\u00f3n Manantial, Elena Biurrun, particip\u00f3 en la primera mesa [&hellip;]<\/p>\n","protected":false},"author":7,"featured_media":10629,"comment_status":"closed","ping_status":"closed","sticky":false,"template":"","format":"standard","meta":{"_acf_changed":false,"give_campaign_id":0,"_seopress_robots_primary_cat":"none","_seopress_titles_title":"Fundaci\u00f3n Manantial participa en el evento \u201cOngiving con prop\u00f3sito\u201d","_seopress_titles_desc":"Fundaci\u00f3n Manantial participa en el evento \u201cOngiving con prop\u00f3sito\u201d, organizado por Fundaci\u00f3n SERES y BME, para promover alianzas entre empresas e instituciones comprometidas con el impacto social y la salud mental.","_seopress_robots_index":"","footnotes":""},"categories":[34],"tags":[1453,1456,1358,1070,1454,85,1452,925,139,1455,1451,1362,65,1344],"class_list":["post-10626","post","type-post","status-publish","format-standard","has-post-thumbnail","hentry","category-noticias-fundacion-manantial","tag-bme","tag-colaboracion-empresa-ong","tag-deliciosamente","tag-empleo-inclusivo","tag-empresas-con-proposito","tag-fundacion-manantial","tag-fundacion-seres","tag-impacto-social","tag-inclusion-social","tag-influencers-solidarios","tag-ongiving","tag-responsabilidad-social-corporativa","tag-salud-mental","tag-vida-independiente"],"acf":[],"_links":{"self":[{"href":"https:\/\/www.fundacionmanantial.org\/en\/wp-json\/wp\/v2\/posts\/10626","targetHints":{"allow":["GET"]}}],"collection":[{"href":"https:\/\/www.fundacionmanantial.org\/en\/wp-json\/wp\/v2\/posts"}],"about":[{"href":"https:\/\/www.fundacionmanantial.org\/en\/wp-json\/wp\/v2\/types\/post"}],"author":[{"embeddable":true,"href":"https:\/\/www.fundacionmanantial.org\/en\/wp-json\/wp\/v2\/users\/7"}],"replies":[{"embeddable":true,"href":"https:\/\/www.fundacionmanantial.org\/en\/wp-json\/wp\/v2\/comments?post=10626"}],"version-history":[{"count":2,"href":"https:\/\/www.fundacionmanantial.org\/en\/wp-json\/wp\/v2\/posts\/10626\/revisions"}],"predecessor-version":[{"id":10632,"href":"https:\/\/www.fundacionmanantial.org\/en\/wp-json\/wp\/v2\/posts\/10626\/revisions\/10632"}],"wp:featuredmedia":[{"embeddable":true,"href":"https:\/\/www.fundacionmanantial.org\/en\/wp-json\/wp\/v2\/media\/10629"}],"wp:attachment":[{"href":"https:\/\/www.fundacionmanantial.org\/en\/wp-json\/wp\/v2\/media?parent=10626"}],"wp:term":[{"taxonomy":"category","embeddable":true,"href":"https:\/\/www.fundacionmanantial.org\/en\/wp-json\/wp\/v2\/categories?post=10626"},{"taxonomy":"post_tag","embeddable":true,"href":"https:\/\/www.fundacionmanantial.org\/en\/wp-json\/wp\/v2\/tags?post=10626"}],"curies":[{"name":"wp","href":"https:\/\/api.w.org\/{rel}","templated":true}]}}