{"id":10617,"date":"2025-10-20T09:40:22","date_gmt":"2025-10-20T08:40:22","guid":{"rendered":"https:\/\/www.fundacionmanantial.org\/?p=10617"},"modified":"2025-10-22T09:45:50","modified_gmt":"2025-10-22T08:45:50","slug":"porlasaludmental-derribando-estigmas-con-el-cd-leganes","status":"publish","type":"post","link":"https:\/\/www.fundacionmanantial.org\/en\/porlasaludmental-derribando-estigmas-con-el-cd-leganes\/","title":{"rendered":"#PorLaSaludMental: derribando estigmas con el CD Legan\u00e9s"},"content":{"rendered":"<p data-start=\"178\" data-end=\"669\">Del 10 al 19 de octubre, <strong data-start=\"207\" data-end=\"230\">Fundaci\u00f3n Manantial<\/strong> y el <strong data-start=\"236\" data-end=\"250\">Club Deportivo Legan\u00e9s<\/strong> han impulsado una campa\u00f1a de concienciaci\u00f3n en redes y en el estadio de Ontime Butarque con el lema <strong data-start=\"348\" data-end=\"369\">#PorLaSaludMental<\/strong>.<\/p>\n<p data-start=\"178\" data-end=\"669\">Jugadores, personas usuarias y profesionales de Manantial han sumado voces para <strong data-start=\"456\" data-end=\"474\">derribar mitos<\/strong> sobre los problemas de salud mental y recordar a la afici\u00f3n que <strong data-start=\"539\" data-end=\"618\">cuidar el bienestar emocional es tan importante como cuidar la salud f\u00edsica<\/strong>. &#8220;<strong data-start=\"620\" data-end=\"669\">Rompamos los mitos. Hablemos de salud mental&#8221;.<\/strong><\/p>\n<h2 data-start=\"671\" data-end=\"717\">Una campa\u00f1a en dos tiempos: redes y estadio<\/h2>\n<p data-start=\"718\" data-end=\"870\">Durante los d\u00edas en torno al <strong data-start=\"747\" data-end=\"797\">D\u00eda Mundial de la Salud Mental (10 de octubre)<\/strong> se difundieron <a href=\"https:\/\/www.instagram.com\/p\/DP8XC6pD8Zt\/\" target=\"_blank\" rel=\"noopener\">contenidos en las redes sociales<\/a> de ambas entidades, a la espera del partido contra el M\u00e1laga CF que se jugaba el 19 de octubre y que se dedicaba a la salud mental.<\/p>\n<p><iframe title=\"\ud83d\udcf9 Jugamos juntos #PorLaSaludMental \ud83d\udc9a\" width=\"500\" height=\"281\" src=\"https:\/\/www.youtube.com\/embed\/0-N4U57hQf8?feature=oembed\" frameborder=\"0\" allow=\"accelerometer; autoplay; clipboard-write; encrypted-media; gyroscope; picture-in-picture; web-share\" referrerpolicy=\"strict-origin-when-cross-origin\" allowfullscreen><\/iframe><\/p>\n<p data-start=\"568\" data-end=\"867\">\ud83c\udfe5 En colaboraci\u00f3n con el <strong data-start=\"594\" data-end=\"633\">Hospital Universitario Jos\u00e9 Germain<\/strong>, <a href=\"https:\/\/www.instagram.com\/p\/DP6R2eYjrkg\/\" target=\"_blank\" rel=\"noopener\">jugadores del <strong data-start=\"649\" data-end=\"663\">CD Legan\u00e9s<\/strong> y profesionales de <strong data-start=\"683\" data-end=\"706\">Fundaci\u00f3n Manantial<\/strong> visitaron el centro de salud mental infanto-juvenil<\/a> para conocer de cerca el trabajo que se realiza y compartir experiencias con pacientes y equipos.<\/p>\n<p data-start=\"869\" data-end=\"1021\">\u26bd El <strong data-start=\"874\" data-end=\"891\">19 de octubre<\/strong>, durante el encuentro entre el <strong data-start=\"923\" data-end=\"952\">CD Legan\u00e9s y el M\u00e1laga CF<\/strong> en el estadio <strong data-start=\"967\" data-end=\"979\">Butarque<\/strong>, la campa\u00f1a cobr\u00f3 vida ante la afici\u00f3n:<\/p>\n<ul data-start=\"1022\" data-end=\"1571\">\n<li data-start=\"1022\" data-end=\"1148\">\n<p data-start=\"1024\" data-end=\"1148\">Los jugadores de ambos equipos posaron juntos con la pancarta <strong data-start=\"1086\" data-end=\"1107\">#PorLaSaludMental<\/strong>, mostrando su compromiso con la causa.<\/p>\n<\/li>\n<li data-start=\"1022\" data-end=\"1148\">La plantilla del CD Legan\u00e9s jug\u00f3 con su <a href=\"https:\/\/www.fundacionmanantial.org\/el-cd-leganes-lanza-su-tercera-equipacion-2025-26-porlasaludmental-en-colaboracion-con-fundacion-manantial\/\" target=\"_blank\" rel=\"noopener\"><strong>tercera equipaci\u00f3n<\/strong>, dedicada a la salud mental<\/a> y de la que un 10 % de los beneficios se destinar\u00e1 a los proyectos de Fundaci\u00f3n Manantial.<\/li>\n<li data-start=\"1149\" data-end=\"1267\">\n<p data-start=\"1151\" data-end=\"1267\">En el descanso, se proyect\u00f3 un <strong data-start=\"1182\" data-end=\"1210\">v\u00eddeo de sensibilizaci\u00f3n<\/strong> sobre la importancia de cuidar el bienestar emocional.<\/p>\n<\/li>\n<li data-start=\"1268\" data-end=\"1571\">\n<p data-start=\"1270\" data-end=\"1571\">Dos usuarias de Fundaci\u00f3n Manantial participaron en la <a href=\"https:\/\/www.instagram.com\/p\/DQBwanhDYXJ\/\" target=\"_blank\" rel=\"noopener\"><strong data-start=\"1325\" data-end=\"1365\">entrega de obsequios institucionales<\/strong><\/a> a Francisco Mart\u00edn Aguilar, consejero consultivo del M\u00e1laga CF, un gesto que forma parte de cada partido en Butarque y que demuestra que la inclusi\u00f3n tambi\u00e9n puede vivirse desde el deporte.<\/p>\n<\/li>\n<\/ul>\n<p data-start=\"1573\" data-end=\"1830\">Los obsequios fueron elaborados por personas del <strong data-start=\"1622\" data-end=\"1668\">Centro de Rehabilitaci\u00f3n Laboral \u201cLegan\u00e9s\u201d<\/strong>, recordando que cada detalle de esta colaboraci\u00f3n est\u00e1 impulsado por el talento, el esfuerzo y la creatividad de quienes trabajan cada d\u00eda por su recuperaci\u00f3n.<\/p>\n<h2 data-start=\"3116\" data-end=\"3127\">Seguimos<\/h2>\n<p data-start=\"3128\" data-end=\"3341\">La colaboraci\u00f3n con el equipo se alargar\u00e1 durante toda la temporada 2025-2026, donde seguiremos difundiendo <strong data-start=\"3167\" data-end=\"3202\">h\u00e1bitos, recursos y testimonios<\/strong> que ayudan a mantener el equilibrio emocional <strong data-start=\"3249\" data-end=\"3288\">dentro y fuera del terreno de juego<\/strong>.<\/p>\n<p data-start=\"3128\" data-end=\"3341\"><strong data-start=\"3292\" data-end=\"3341\">Rompamos los mitos. Hablemos de salud mental.<\/strong><\/p>\n<p><iframe title=\"YouTube video player\" src=\"https:\/\/www.youtube.com\/embed\/CYg0azv7c9E?si=hPDAd3EkMVrzlXtL\" width=\"560\" height=\"315\" frameborder=\"0\" allowfullscreen=\"allowfullscreen\"><\/iframe><\/p>\n","protected":false},"excerpt":{"rendered":"<p>Del 10 al 19 de octubre, Fundaci\u00f3n Manantial y el Club Deportivo Legan\u00e9s han impulsado una campa\u00f1a de concienciaci\u00f3n en redes y en el estadio de Ontime Butarque con el lema #PorLaSaludMental. Jugadores, personas usuarias y profesionales de Manantial han sumado voces para derribar mitos sobre los problemas de salud mental y recordar a la [&hellip;]<\/p>\n","protected":false},"author":7,"featured_media":10621,"comment_status":"closed","ping_status":"closed","sticky":false,"template":"","format":"standard","meta":{"_acf_changed":false,"give_campaign_id":0,"_seopress_robots_primary_cat":"none","_seopress_titles_title":"#PorLaSaludMental: CD Legan\u00e9s y Fundaci\u00f3n Manantial derriban mitos sobre salud mental del 10 al 19 de octubre","_seopress_titles_desc":"CD Legan\u00e9s y Fundaci\u00f3n Manantial lanzan la campa\u00f1a #PorLaSaludMental en redes y en Butarque: v\u00eddeos, acciones en el partido ante el M\u00e1laga y visitas al Hospital Jos\u00e9 Germain para derribar estigmas y promover el bienestar emocional.","_seopress_robots_index":"","footnotes":""},"categories":[34],"tags":[880,1446,1445,945,124,107,85,1448,1444,139,1447,1413,1450,65,1449],"class_list":["post-10617","post","type-post","status-publish","format-standard","has-post-thumbnail","hentry","category-noticias-fundacion-manantial","tag-bienestar-emocional","tag-butarque","tag-campana-de-concienciacion","tag-cd-leganes","tag-comunidad","tag-estigma","tag-fundacion-manantial","tag-futbol-y-salud","tag-hospital-jose-germain","tag-inclusion-social","tag-malaga-cf","tag-porlasaludmental","tag-recursos-de-salud-mental","tag-salud-mental","tag-testimonios"],"acf":[],"_links":{"self":[{"href":"https:\/\/www.fundacionmanantial.org\/en\/wp-json\/wp\/v2\/posts\/10617","targetHints":{"allow":["GET"]}}],"collection":[{"href":"https:\/\/www.fundacionmanantial.org\/en\/wp-json\/wp\/v2\/posts"}],"about":[{"href":"https:\/\/www.fundacionmanantial.org\/en\/wp-json\/wp\/v2\/types\/post"}],"author":[{"embeddable":true,"href":"https:\/\/www.fundacionmanantial.org\/en\/wp-json\/wp\/v2\/users\/7"}],"replies":[{"embeddable":true,"href":"https:\/\/www.fundacionmanantial.org\/en\/wp-json\/wp\/v2\/comments?post=10617"}],"version-history":[{"count":1,"href":"https:\/\/www.fundacionmanantial.org\/en\/wp-json\/wp\/v2\/posts\/10617\/revisions"}],"predecessor-version":[{"id":10620,"href":"https:\/\/www.fundacionmanantial.org\/en\/wp-json\/wp\/v2\/posts\/10617\/revisions\/10620"}],"wp:featuredmedia":[{"embeddable":true,"href":"https:\/\/www.fundacionmanantial.org\/en\/wp-json\/wp\/v2\/media\/10621"}],"wp:attachment":[{"href":"https:\/\/www.fundacionmanantial.org\/en\/wp-json\/wp\/v2\/media?parent=10617"}],"wp:term":[{"taxonomy":"category","embeddable":true,"href":"https:\/\/www.fundacionmanantial.org\/en\/wp-json\/wp\/v2\/categories?post=10617"},{"taxonomy":"post_tag","embeddable":true,"href":"https:\/\/www.fundacionmanantial.org\/en\/wp-json\/wp\/v2\/tags?post=10617"}],"curies":[{"name":"wp","href":"https:\/\/api.w.org\/{rel}","templated":true}]}}