{"id":10583,"date":"2025-10-20T14:08:13","date_gmt":"2025-10-20T13:08:13","guid":{"rendered":"https:\/\/www.fundacionmanantial.org\/?p=10583"},"modified":"2025-10-21T08:54:53","modified_gmt":"2025-10-21T07:54:53","slug":"la-ministra-de-sanidad-visita-las-unidades-de-salud-mental-de-emergencia","status":"publish","type":"post","link":"https:\/\/www.fundacionmanantial.org\/en\/la-ministra-de-sanidad-visita-las-unidades-de-salud-mental-de-emergencia\/","title":{"rendered":"La ministra de Sanidad visita las Unidades de Salud Mental de Emergencia"},"content":{"rendered":"<p>La\u00a0<strong>ministra de Sanidad,<\/strong>\u00a0<strong>M\u00f3nica Garc\u00eda<\/strong>, ha visitado hoy las\u00a0<strong>Unidades de Salud Mental de Emergencia (USME)<\/strong> en Catarroja, un dispositivo pionero que ofrece<strong>\u00a0apoyo emocional y psicol\u00f3gico a las personas afectadas por la DANA de 2024.<\/strong><\/p>\n<p>Las USME, gestionadas por Fundaci\u00f3n Manantial, han sido contratadas por la FCSAI en el marco de un convenio con la Generalitat Valenciana y la Comunidad de Castilla-La Mancha, financiado por el Ministerio de Sanidad.<\/p>\n<p dir=\"auto\"><strong>Bartolom\u00e9 P\u00e9rez G\u00e1lvez<\/strong>, director general de Salud Mental y Adicciones de la Conselleria de Sanidad; <strong>Pilar Bernab\u00e9<\/strong>, delegada del Gobierno en la Comunitat Valenciana; <strong>Zulima P\u00e9rez<\/strong>, comisionada para la reconstrucci\u00f3n tras la DANA;<span class=\"gmail_default\">\u00a0<strong>Lorena Silvent<\/strong>, alcaldesa de Catarroja, las asociaciones de v\u00edctimas\u00a0 y el\u00a0<\/span><span class=\"gmail_default\">equipo de profesionales de las USME de <\/span>Fundaci\u00f3n Manantial<span class=\"gmail_default\">\u00a0han participado junto a la Ministra en el encuentro con las personas damnificadas que est\u00e1n recibiendo apoyo psicosocial y acompa\u00f1amiento\u00a0comunitario.\u00a0<\/span><\/p>\n<h3 data-start=\"1023\" data-end=\"1077\">Atenci\u00f3n psicol\u00f3gica en situaciones de crisis<\/h3>\n<p data-start=\"1079\" data-end=\"1491\">Las <strong data-start=\"1083\" data-end=\"1132\">Unidades de Salud Mental de Emergencia <\/strong>se crearon tras la <strong data-start=\"1152\" data-end=\"1168\">DANA de 2024<\/strong>, con el objetivo de ofrecer <strong data-start=\"1197\" data-end=\"1285\">apoyo emocional y psicol\u00f3gico a las personas afectadas por cat\u00e1strofes y emergencias<\/strong>.<\/p>\n<p data-start=\"1079\" data-end=\"1491\">Este servicio innovador combina la intervenci\u00f3n profesional con la proximidad comunitaria, garantizando una <strong data-start=\"1397\" data-end=\"1438\">respuesta r\u00e1pida, humana y coordinada<\/strong> ante el impacto emocional de situaciones cr\u00edticas. La labor del equipo de profesionales de las USME se basa en la intervenci\u00f3n comunitaria, con el objetivo de <strong>fortalecer v\u00ednculos sociales, proporcionar apoyo emocional colectivo y facilitar el acceso a recursos locales.<\/strong><\/p>\n<p data-start=\"1493\" data-end=\"1736\">A trav\u00e9s de equipos multidisciplinares, las USME prestan atenci\u00f3n tanto en la fase inmediata de la emergencia como en los procesos posteriores de recuperaci\u00f3n, acompa\u00f1ando a las personas afectadas en su <strong data-start=\"1696\" data-end=\"1733\">reconstrucci\u00f3n emocional y social<\/strong>.<\/p>\n<p data-start=\"1738\" data-end=\"1951\">Saber m\u00e1s sobre las USME y su funcionamiento <a class=\"decorated-link\" href=\"https:\/\/www.fundacionmanantial.org\/fundacion-manantial-lidera-la-puesta-en-marcha-de-las-unidades-de-salud-mental-de-emergencia-tras-la-dana\/\" target=\"_new\" rel=\"noopener\" data-start=\"1795\" data-end=\"1948\"><strong data-start=\"1796\" data-end=\"1804\">aqu\u00ed<\/strong><\/a>.<\/p>\n<h3 data-start=\"1958\" data-end=\"2002\">&#8220;Queremos prevenir, acompa\u00f1ar y apoyar desde el punto de vista sanitario y social&#8221;<\/h3>\n<p data-start=\"2004\" data-end=\"2211\">Durante la visita, la ministra destac\u00f3 la importancia de acompa\u00f1ar a las personas afectadas por cat\u00e1strofes no solo en la reconstrucci\u00f3n material, sino tambi\u00e9n en la <strong data-start=\"2170\" data-end=\"2208\">reparaci\u00f3n emocional y psicol\u00f3gica<\/strong>:<\/p>\n<blockquote data-start=\"2213\" data-end=\"2501\">\n<p data-start=\"2215\" data-end=\"2501\">\u201cLas heridas que deja una cat\u00e1strofe no siempre se ven y necesitan tiempo, cuidado y acompa\u00f1amiento. A partir de los cuatro o seis meses tras una tragedia de estas caracter\u00edsticas, puede venir una patologizaci\u00f3n de los diferentes duelos vividos en estos municipios y esto es lo que venimos a intentar prevenir desde el Ministerio de Sanidad en colaboraci\u00f3n con la sociedad civil, las asociaciones y la administraci\u00f3n&#8221;.<\/p>\n<\/blockquote>\n<h3 data-start=\"2508\" data-end=\"2543\"><\/h3>\n<h3 data-start=\"2508\" data-end=\"2543\">Colaboraci\u00f3n institucional<\/h3>\n<p data-start=\"2545\" data-end=\"2779\">La visita refuerza el compromiso compartido entre las administraciones p\u00fablicas y Fundaci\u00f3n Manantial por <strong data-start=\"2651\" data-end=\"2693\">fortalecer la atenci\u00f3n en salud mental a las personas afectadas por la DANA de 2024<\/strong>\u00a0y avanzar hacia <strong data-start=\"2710\" data-end=\"2776\">modelos de intervenci\u00f3n m\u00e1s humanos, accesibles y comunitarios<\/strong>.<\/p>\n<p data-start=\"2781\" data-end=\"3072\">Durante el encuentro, los representantes institucionales destacaron el trabajo de los equipos de Fundaci\u00f3n Manantial en los \u00faltimos meses, acompa\u00f1ando a cientos de personas y promoviendo un enfoque centrado en la <strong data-start=\"3016\" data-end=\"3069\">escucha, la empat\u00eda y la reconstrucci\u00f3n emocional<\/strong>.<\/p>\n<blockquote data-start=\"3079\" data-end=\"3192\">\n<p data-start=\"3081\" data-end=\"3192\">\u201cTenemos que sanar las heridas individuales, pero tambi\u00e9n las comunitarias, la herida social. No venimos a dar respuestas. Ven\u00edamos a hacer preguntas.\u201d<br data-start=\"3139\" data-end=\"3142\" \/>\u2014 <em data-start=\"3146\" data-end=\"3190\">J. F. Borja Ortiz, coordinador de las USME<\/em><\/p>\n<\/blockquote>\n","protected":false},"excerpt":{"rendered":"<p>La\u00a0ministra de Sanidad,\u00a0M\u00f3nica Garc\u00eda, ha visitado hoy las\u00a0Unidades de Salud Mental de Emergencia (USME) en Catarroja, un dispositivo pionero que ofrece\u00a0apoyo emocional y psicol\u00f3gico a las personas afectadas por la DANA de 2024. Las USME, gestionadas por Fundaci\u00f3n Manantial, han sido contratadas por la FCSAI en el marco de un convenio con la Generalitat Valenciana [&hellip;]<\/p>\n","protected":false},"author":7,"featured_media":10597,"comment_status":"closed","ping_status":"closed","sticky":false,"template":"","format":"standard","meta":{"_acf_changed":false,"give_campaign_id":0,"_seopress_robots_primary_cat":"none","_seopress_titles_title":"La ministra de Sanidad visita las Unidades de Salud Mental de Emergencia lideradas por Fundaci\u00f3n Manantial en la Comunitat Valenciana","_seopress_titles_desc":"La ministra de Sanidad visita las Unidades de Salud Mental de Emergencia de Fundaci\u00f3n Manantial en la Comunitat Valenciana para conocer el trabajo de apoyo emocional a las v\u00edctimas de la DANA de 2024, junto a Pilar Bernab\u00e9 y Bartolom\u00e9 P\u00e9rez G\u00e1lvez.","_seopress_robots_index":"","footnotes":""},"categories":[34],"tags":[1443,1439,1442,1438,880,1411,934,1440,531,1239,1381,85,139,1386,1246,1437,1441,65,1410,1236],"class_list":["post-10583","post","type-post","status-publish","format-standard","has-post-thumbnail","hentry","category-noticias-fundacion-manantial","tag-acompanamiento-psicologico","tag-apoyo-emocional","tag-atencion-sanitaria","tag-bartolome-perez-galvez","tag-bienestar-emocional","tag-comisionado-de-salud-mental","tag-comunitat-valenciana","tag-conselleria-de-sanidad","tag-crisis","tag-dana-2024","tag-emergencias","tag-fundacion-manantial","tag-inclusion-social","tag-intervencion-psicosocial","tag-ministerio-de-sanidad","tag-pilar-bernabe","tag-reconstruccion-emocional","tag-salud-mental","tag-unidades-de-salud-mental-de-emergencia","tag-usme"],"acf":[],"_links":{"self":[{"href":"https:\/\/www.fundacionmanantial.org\/en\/wp-json\/wp\/v2\/posts\/10583","targetHints":{"allow":["GET"]}}],"collection":[{"href":"https:\/\/www.fundacionmanantial.org\/en\/wp-json\/wp\/v2\/posts"}],"about":[{"href":"https:\/\/www.fundacionmanantial.org\/en\/wp-json\/wp\/v2\/types\/post"}],"author":[{"embeddable":true,"href":"https:\/\/www.fundacionmanantial.org\/en\/wp-json\/wp\/v2\/users\/7"}],"replies":[{"embeddable":true,"href":"https:\/\/www.fundacionmanantial.org\/en\/wp-json\/wp\/v2\/comments?post=10583"}],"version-history":[{"count":13,"href":"https:\/\/www.fundacionmanantial.org\/en\/wp-json\/wp\/v2\/posts\/10583\/revisions"}],"predecessor-version":[{"id":10602,"href":"https:\/\/www.fundacionmanantial.org\/en\/wp-json\/wp\/v2\/posts\/10583\/revisions\/10602"}],"wp:featuredmedia":[{"embeddable":true,"href":"https:\/\/www.fundacionmanantial.org\/en\/wp-json\/wp\/v2\/media\/10597"}],"wp:attachment":[{"href":"https:\/\/www.fundacionmanantial.org\/en\/wp-json\/wp\/v2\/media?parent=10583"}],"wp:term":[{"taxonomy":"category","embeddable":true,"href":"https:\/\/www.fundacionmanantial.org\/en\/wp-json\/wp\/v2\/categories?post=10583"},{"taxonomy":"post_tag","embeddable":true,"href":"https:\/\/www.fundacionmanantial.org\/en\/wp-json\/wp\/v2\/tags?post=10583"}],"curies":[{"name":"wp","href":"https:\/\/api.w.org\/{rel}","templated":true}]}}