{"id":10545,"date":"2025-10-14T09:15:09","date_gmt":"2025-10-14T08:15:09","guid":{"rendered":"https:\/\/www.fundacionmanantial.org\/?p=10545"},"modified":"2025-10-14T09:16:52","modified_gmt":"2025-10-14T08:16:52","slug":"porque-fuimos-seremos-obtiene-el-tercer-premio-internacional-en-el-certamen-belo-brillando-en-la-oscuridad","status":"publish","type":"post","link":"https:\/\/www.fundacionmanantial.org\/en\/porque-fuimos-seremos-obtiene-el-tercer-premio-internacional-en-el-certamen-belo-brillando-en-la-oscuridad\/","title":{"rendered":"\u201cPorque fuimos\u2026 seremos\u201d obtiene el tercer premio internacional en el certamen BELO \u2013 Brillando en la oscuridad"},"content":{"rendered":"<p>El proyecto <a href=\"https:\/\/www.fundacionmanantial.org\/porque-fuimos-seremos-microrrelatos-que-nacen-del-acompanamiento-en-salud-mental-de-fundacion-manantial\/\" target=\"_blank\" rel=\"noopener\">\u201cPorque fuimos\u2026 seremos\u201d<\/a>, impulsado por el <strong>Equipo de Apoyo Social Comunitario &#8220;Alcorc\u00f3n&#8221;<\/strong>, ha obtenido el <strong>tercer premio internacional en el certamen BELO [Brillando en la Oscuridad]<\/strong> organizado por la Fundaci\u00f3n Europa Mundo en colaboraci\u00f3n con la Fundaci\u00f3n Rotary y otras entidades patrocinadoras.<\/p>\n<p>El concurso, que ha reunido a m\u00e1s de 3.000 participantes de 26 pa\u00edses, busca <strong>visibilizar y humanizar las realidades de las personas con problemas de salud mental, reducir el estigma y ofrecer una mirada esperanzadora.<\/strong> Dentro de sus 24 categor\u00edas, el equipo de Alcorc\u00f3n ha sido galardonado en la de \u201ciniciativas y creaciones colectivas\u201d, <strong>un reconocimiento a la generosidad de las personas participantes por habernos regalado sus historias y al poder transformador de la palabra.<\/strong><\/p>\n<p>\u201cPorque fuimos\u2026 seremos\u201d surge del deseo de <strong>mirar m\u00e1s all\u00e1 del diagn\u00f3stico<\/strong>. A trav\u00e9s de la metodolog\u00eda de la narrativa, se invita a las personas participantes a reconstruir su identidad desde los recuerdos, los sue\u00f1os y las vivencias que un d\u00eda definieron qui\u00e9nes eran.<\/p>\n<p>En este proceso, la figura de la \u201cmirada externa\u201d ayuda a traducir esos relatos cuando la \u201cenfermedad\u201d ha distorsionado la percepci\u00f3n propia, acompa\u00f1ando desde la escucha y el respeto, y devolviendo una imagen simb\u00f3lica y literaria de s\u00ed mismos que <strong>resignifica la historia personal<\/strong>.<\/p>\n<p>El resultado son <strong>ocho microrrelatos ilustrados<\/strong> que entrelazan lo cotidiano y lo po\u00e9tico, lo fr\u00e1gil y lo luminoso; peque\u00f1as piezas que nos recuerdan que <strong>la identidad no se pierde, solo se transforma o se construye.<\/strong><\/p>\n<p><em>\u00a0\u201cNo se trata de hablar de enfermedad, sino de identidad; de qui\u00e9nes fuimos y de qui\u00e9nes seguimos siendo\u201d.<\/em><\/p>\n<p>El proyecto contin\u00faa su recorrido con una <strong>exposici\u00f3n itinerante por los centros culturales de Alcorc\u00f3n<\/strong>, que arranc\u00f3 el 10 de octubre en el Centro Cultural Buero Vallejo con motivo del D\u00eda Mundial de la Salud Mental y finalizar\u00e1 el 24 de este mismo mes. All\u00ed, los visitantes podr\u00e1n conocer los microrrelatos, las ilustraciones y participar en din\u00e1micas abiertas para seguir tejiendo comunidad.<\/p>\n<p><strong>Porque cuando compartimos las palabras, tambi\u00e9n compartimos la luz.<\/strong><\/p>\n<p><em>\u201cTodos estamos rotos, as\u00ed es como entra la luz\u201d, dice uno de los participantes, record\u00e1ndonos que la fragilidad tambi\u00e9n puede ser fuente de belleza y comunidad.\u00a0<\/em>Ernest Hemingway<\/p>\n","protected":false},"excerpt":{"rendered":"<p>El proyecto \u201cPorque fuimos\u2026 seremos\u201d, impulsado por el Equipo de Apoyo Social Comunitario &#8220;Alcorc\u00f3n&#8221;, ha obtenido el tercer premio internacional en el certamen BELO [Brillando en la Oscuridad] organizado por la Fundaci\u00f3n Europa Mundo en colaboraci\u00f3n con la Fundaci\u00f3n Rotary y otras entidades patrocinadoras. El concurso, que ha reunido a m\u00e1s de 3.000 participantes de [&hellip;]<\/p>\n","protected":false},"author":7,"featured_media":9682,"comment_status":"closed","ping_status":"closed","sticky":false,"template":"","format":"standard","meta":{"_acf_changed":false,"give_campaign_id":0,"_seopress_robots_primary_cat":"none","_seopress_titles_title":"\u201cPorque fuimos\u2026 seremos\u201d obtiene el tercer premio internacional en el certamen BELO \u2013 Brillando en la Oscuridad","_seopress_titles_desc":"El proyecto \u201cPorque fuimos\u2026 seremos\u201d, impulsado por el Equipo de Apoyo Social Comunitario de Alcorc\u00f3n de Fundaci\u00f3n Manantial, ha obtenido el tercer premio internacional en el certamen BELO por su enfoque innovador para visibilizar la salud mental y reconstruir la identidad a trav\u00e9s de la narrativa.","_seopress_robots_index":"","footnotes":""},"categories":[34],"tags":[906,885,1422,1421,124,609,1427,1137,107,556,1425,85,1426,1184,139,350,1098,1423,1420,1424,65],"class_list":["post-10545","post","type-post","status-publish","format-standard","has-post-thumbnail","hentry","category-noticias-fundacion-manantial","tag-alcorcon","tag-arte-y-salud","tag-brillando-en-la-oscuridad","tag-certamen-belo","tag-comunidad","tag-creatividad","tag-cultura-y-salud","tag-dia-mundial-de-la-salud-mental","tag-estigma","tag-exposicion","tag-fundacion-europa-mundo","tag-fundacion-manantial","tag-fundacion-rotary","tag-identidad","tag-inclusion-social","tag-literatura","tag-microrrelatos","tag-narrativa","tag-porque-fuimos-seremos","tag-reconocimiento-internacional","tag-salud-mental"],"acf":[],"_links":{"self":[{"href":"https:\/\/www.fundacionmanantial.org\/en\/wp-json\/wp\/v2\/posts\/10545","targetHints":{"allow":["GET"]}}],"collection":[{"href":"https:\/\/www.fundacionmanantial.org\/en\/wp-json\/wp\/v2\/posts"}],"about":[{"href":"https:\/\/www.fundacionmanantial.org\/en\/wp-json\/wp\/v2\/types\/post"}],"author":[{"embeddable":true,"href":"https:\/\/www.fundacionmanantial.org\/en\/wp-json\/wp\/v2\/users\/7"}],"replies":[{"embeddable":true,"href":"https:\/\/www.fundacionmanantial.org\/en\/wp-json\/wp\/v2\/comments?post=10545"}],"version-history":[{"count":2,"href":"https:\/\/www.fundacionmanantial.org\/en\/wp-json\/wp\/v2\/posts\/10545\/revisions"}],"predecessor-version":[{"id":10550,"href":"https:\/\/www.fundacionmanantial.org\/en\/wp-json\/wp\/v2\/posts\/10545\/revisions\/10550"}],"wp:featuredmedia":[{"embeddable":true,"href":"https:\/\/www.fundacionmanantial.org\/en\/wp-json\/wp\/v2\/media\/9682"}],"wp:attachment":[{"href":"https:\/\/www.fundacionmanantial.org\/en\/wp-json\/wp\/v2\/media?parent=10545"}],"wp:term":[{"taxonomy":"category","embeddable":true,"href":"https:\/\/www.fundacionmanantial.org\/en\/wp-json\/wp\/v2\/categories?post=10545"},{"taxonomy":"post_tag","embeddable":true,"href":"https:\/\/www.fundacionmanantial.org\/en\/wp-json\/wp\/v2\/tags?post=10545"}],"curies":[{"name":"wp","href":"https:\/\/api.w.org\/{rel}","templated":true}]}}