{"id":10533,"date":"2025-10-07T14:24:58","date_gmt":"2025-10-07T13:24:58","guid":{"rendered":"https:\/\/www.fundacionmanantial.org\/?p=10533"},"modified":"2025-10-13T14:28:48","modified_gmt":"2025-10-13T13:28:48","slug":"equinoterapia-e-inclusion-fundacion-manantial-y-hilti-comparten-una-jornada-de-voluntariado-con-equinoterapia-madrid-sur","status":"publish","type":"post","link":"https:\/\/www.fundacionmanantial.org\/en\/equinoterapia-e-inclusion-fundacion-manantial-y-hilti-comparten-una-jornada-de-voluntariado-con-equinoterapia-madrid-sur\/","title":{"rendered":"Equinoterapia e inclusi\u00f3n: Fundaci\u00f3n Manantial y Hilti comparten una jornada de voluntariado con Equinoterapia Madrid Sur"},"content":{"rendered":"<p data-start=\"312\" data-end=\"532\">Por tercer a\u00f1o consecutivo, <strong data-start=\"340\" data-end=\"363\">Fundaci\u00f3n Manantial<\/strong> y <a href=\"https:\/\/www.hilti.es\/\" target=\"_blank\" rel=\"noopener\"><strong data-start=\"366\" data-end=\"375\">Hilti<\/strong><\/a> se unieron el pasado <strong data-start=\"397\" data-end=\"417\">26 de septiembre<\/strong> para disfrutar de una jornada de <strong data-start=\"451\" data-end=\"480\">equinoterapia e inclusi\u00f3n<\/strong> en colaboraci\u00f3n con <a href=\"https:\/\/equinoterapiamadridsur.com\/\" target=\"_blank\" rel=\"noopener\"><strong data-start=\"501\" data-end=\"529\">Equinoterapia Madrid Sur<\/strong><\/a>.<\/p>\n<p data-start=\"534\" data-end=\"765\">En total participaron <strong data-start=\"556\" data-end=\"571\">26 personas<\/strong> \u2014<strong data-start=\"573\" data-end=\"600\">15 voluntarias de Hilti<\/strong> y <strong data-start=\"603\" data-end=\"641\">11 personas de Fundaci\u00f3n Manantial<\/strong>\u2014 que compartieron una experiencia de aprendizaje, convivencia y conexi\u00f3n con los animales en un entorno natural y seguro.<\/p>\n<hr data-start=\"1607\" data-end=\"1610\" \/>\n<h3 data-start=\"772\" data-end=\"822\">\ud83c\udf3f Conexi\u00f3n, confianza y bienestar emocional<\/h3>\n<p data-start=\"824\" data-end=\"1004\">La jornada comenz\u00f3 en la <strong data-start=\"849\" data-end=\"874\">Residencia &#8220;Legan\u00e9s&#8221;<\/strong>, donde el grupo asisti\u00f3 a una <strong data-start=\"905\" data-end=\"929\">charla introductoria<\/strong> y conoci\u00f3 las instalaciones antes de trasladarse al <strong data-start=\"982\" data-end=\"1001\">centro ecuestre<\/strong>. Despu\u00e9s, desarrollaron\u00a0distintas actividades con los caballos:<br data-start=\"1101\" data-end=\"1104\" \/>\ud83d\udc0e <strong data-start=\"1107\" data-end=\"1125\">Montas guiadas<\/strong> por el interior y exterior del recinto.<br data-start=\"1165\" data-end=\"1168\" \/>\ud83c\udfaf <strong data-start=\"1171\" data-end=\"1193\">Juegos y din\u00e1micas<\/strong> para fomentar la confianza y la cooperaci\u00f3n.<br data-start=\"1238\" data-end=\"1241\" \/>\ud83c\udf3e <strong data-start=\"1244\" data-end=\"1270\">Cuidado y alimentaci\u00f3n<\/strong> de los caballos, promoviendo el respeto y la responsabilidad hacia los animales.<\/p>\n<p data-start=\"1355\" data-end=\"1605\">Al finalizar, las personas participantes disfrutaron de una <strong data-start=\"1415\" data-end=\"1466\">comida tipo picnic a cargo del Centro Especial de Empleo Manantial Integra <\/strong>de Fundaci\u00f3n Manantial, que impulsa la inclusi\u00f3n sociolaboral de personas con problemas de salud mental.<\/p>\n<hr data-start=\"1607\" data-end=\"1610\" \/>\n<h3 data-start=\"1612\" data-end=\"1659\">Tres a\u00f1os de colaboraci\u00f3n y compromiso<\/h3>\n<p data-start=\"1661\" data-end=\"1950\">Esta actividad, que se celebra por tercer a\u00f1o consecutivo, se ha consolidado como una <strong data-start=\"1747\" data-end=\"1806\">acci\u00f3n de voluntariado corporativo con impacto positivo<\/strong>, donde profesionales de Hilti y personas usuarias de Fundaci\u00f3n Manantial comparten valores de <strong data-start=\"1901\" data-end=\"1947\">solidaridad, empat\u00eda y bienestar emocional<\/strong>.<\/p>\n<p>Cada vez m\u00e1s empresas se interesan por la salud mental y nos piden\u00a0<strong>colaborar en acciones de voluntariado corporativo<\/strong>\u00a0para impulsar el compromiso social de sus trabajadores y trabajadoras. Y lo mejor es que\u00a0<strong>el voluntariado corporativo tiene un impacto directo en la mejora de las competencias profesionales de los empleados<\/strong>:\u00a0<strong>liderazgo, trabajo en equipo, empat\u00eda y escucha<\/strong>\u00a0son habilidades que se ponen en juego cuando colaboramos juntos.<\/p>\n<p id=\"brxe-oijoli\">Si te interesa hacer voluntariado en Fundaci\u00f3n Manantial, escr\u00edbenos a\u00a0<a href=\"mailto:voluntariado@fundacionmanantial.org\">voluntariado@fundacionmanantial.org<\/a><\/p>\n<p><strong data-start=\"2077\" data-end=\"2142\">Fundaci\u00f3n Manantial \u2013 30 a\u00f1os trabajando por la salud mental.<\/strong><\/p>\n","protected":false},"excerpt":{"rendered":"<p>Por tercer a\u00f1o consecutivo, Fundaci\u00f3n Manantial y Hilti se unieron el pasado 26 de septiembre para disfrutar de una jornada de equinoterapia e inclusi\u00f3n en colaboraci\u00f3n con Equinoterapia Madrid Sur. En total participaron 26 personas \u201415 voluntarias de Hilti y 11 personas de Fundaci\u00f3n Manantial\u2014 que compartieron una experiencia de aprendizaje, convivencia y conexi\u00f3n con [&hellip;]<\/p>\n","protected":false},"author":7,"featured_media":10538,"comment_status":"closed","ping_status":"closed","sticky":false,"template":"","format":"standard","meta":{"_acf_changed":false,"give_campaign_id":0,"_seopress_robots_primary_cat":"none","_seopress_titles_title":"Fundaci\u00f3n Manantial y Hilti celebran su tercera jornada de equinoterapia inclusiva con Equinoterapia Madrid Sur","_seopress_titles_desc":"Fundaci\u00f3n Manantial y Hilti celebran su tercera jornada de equinoterapia junto a Equinoterapia Madrid Sur, una experiencia de voluntariado corporativo que fomenta la inclusi\u00f3n, el bienestar emocional y la conexi\u00f3n con los animales, con picnic de Manantial Integra.","_seopress_robots_index":"","footnotes":""},"categories":[34],"tags":[880,95,1074,1070,1416,1417,85,1415,139,606,150,1398,1362,120,65,1419,1418,102,481],"class_list":["post-10533","post","type-post","status-publish","format-standard","has-post-thumbnail","hentry","category-noticias-fundacion-manantial","tag-bienestar-emocional","tag-comunidad-de-madrid","tag-convivencia","tag-empleo-inclusivo","tag-equinoterapia","tag-equinoterapia-madrid-sur","tag-fundacion-manantial","tag-hilti","tag-inclusion-social","tag-leganes","tag-manantial-integra","tag-proyectos-sociales","tag-responsabilidad-social-corporativa","tag-rsc","tag-salud-mental","tag-salud-y-bienestar","tag-terapia-con-caballos","tag-voluntariado","tag-voluntariado-corporativo"],"acf":[],"_links":{"self":[{"href":"https:\/\/www.fundacionmanantial.org\/en\/wp-json\/wp\/v2\/posts\/10533","targetHints":{"allow":["GET"]}}],"collection":[{"href":"https:\/\/www.fundacionmanantial.org\/en\/wp-json\/wp\/v2\/posts"}],"about":[{"href":"https:\/\/www.fundacionmanantial.org\/en\/wp-json\/wp\/v2\/types\/post"}],"author":[{"embeddable":true,"href":"https:\/\/www.fundacionmanantial.org\/en\/wp-json\/wp\/v2\/users\/7"}],"replies":[{"embeddable":true,"href":"https:\/\/www.fundacionmanantial.org\/en\/wp-json\/wp\/v2\/comments?post=10533"}],"version-history":[{"count":2,"href":"https:\/\/www.fundacionmanantial.org\/en\/wp-json\/wp\/v2\/posts\/10533\/revisions"}],"predecessor-version":[{"id":10540,"href":"https:\/\/www.fundacionmanantial.org\/en\/wp-json\/wp\/v2\/posts\/10533\/revisions\/10540"}],"wp:featuredmedia":[{"embeddable":true,"href":"https:\/\/www.fundacionmanantial.org\/en\/wp-json\/wp\/v2\/media\/10538"}],"wp:attachment":[{"href":"https:\/\/www.fundacionmanantial.org\/en\/wp-json\/wp\/v2\/media?parent=10533"}],"wp:term":[{"taxonomy":"category","embeddable":true,"href":"https:\/\/www.fundacionmanantial.org\/en\/wp-json\/wp\/v2\/categories?post=10533"},{"taxonomy":"post_tag","embeddable":true,"href":"https:\/\/www.fundacionmanantial.org\/en\/wp-json\/wp\/v2\/tags?post=10533"}],"curies":[{"name":"wp","href":"https:\/\/api.w.org\/{rel}","templated":true}]}}