{"id":10525,"date":"2025-10-10T14:04:06","date_gmt":"2025-10-10T13:04:06","guid":{"rendered":"https:\/\/www.fundacionmanantial.org\/?p=10525"},"modified":"2025-10-13T14:22:06","modified_gmt":"2025-10-13T13:22:06","slug":"10-de-octubre-dia-mundial-de-la-salud-mental-la-salud-mental-tambien-es-una-prioridad-tras-una-catastrofe","status":"publish","type":"post","link":"https:\/\/www.fundacionmanantial.org\/en\/10-de-octubre-dia-mundial-de-la-salud-mental-la-salud-mental-tambien-es-una-prioridad-tras-una-catastrofe\/","title":{"rendered":"10 de octubre \u2013 D\u00eda Mundial de la Salud Mental: La salud mental tambi\u00e9n es una prioridad tras una cat\u00e1strofe"},"content":{"rendered":"<p>En el D\u00eda Mundial de la Salud Mental, ponemos el foco en <strong>acceso a los servicios de salud mental en cat\u00e1strofes y emergencias.<\/strong><\/p>\n<p>En Fundaci\u00f3n Manantial estamos trabajando para garantizar que las personas afectadas por la DANA de 2024 reciban el apoyo emocional que necesitan a trav\u00e9s de las <a href=\"https:\/\/www.fundacionmanantial.org\/fundacion-manantial-lidera-la-puesta-en-marcha-de-las-unidades-de-salud-mental-de-emergencia-tras-la-dana\/\" target=\"_blank\" rel=\"noopener\">Unidades de Salud Mental de Emergencias, una iniciativa del Ministerio de Sanidad a trav\u00e9s del Comisionado de Salud Mental.<\/a><\/p>\n<p>\ud83c\udfa5 Descubre c\u00f3mo lo hacemos<\/p>\n<p><iframe title=\"YouTube video player\" src=\"https:\/\/www.youtube.com\/embed\/9wkOT18nOxs?si=rBWAfbl4bEyo3-_N\" width=\"560\" height=\"315\" frameborder=\"0\" allowfullscreen=\"allowfullscreen\"><\/iframe><\/p>\n<div>\n<div>\n<p><strong>\ud83c\udf99\ufe0fLa reconstrucci\u00f3n emocional tras la DANA: nuestras Unidades de Salud Mental de Emergencia en la SER<\/strong>Un a\u00f1o despu\u00e9s de la DANA, la Cadena SER ha querido conocer c\u00f3mo sigue el proceso de recuperaci\u00f3n emocional en las zonas afectadas. En Catarroja, nuestro equipo de las Unidades de Salud Mental de Emergencia (USME) acompa\u00f1a a las personas que a\u00fan hoy viven con miedo, ansiedad o incertidumbre.<\/p>\n<p>Juan Jos\u00e9 Mill\u00e1s y Paqui Ramos conversan con profesionales de Fundaci\u00f3n Manantial y con vecinos que comparten sus testimonios tras la cat\u00e1strofe. Una muestra del impacto de la DANA y la importancia de trabajar en la recuperaci\u00f3n emocional de las personas afectadas.<\/p>\n<p><a href=\"https:\/\/cadenaser.com\/nacional\/2025\/10\/05\/la-reconstruccion-mental-de-los-afectados-por-la-dana-un-ano-despues-de-la-catastrofe-cadena-ser\/\" target=\"_blank\" rel=\"noopener\">Escucha el reportaje completo<\/a><\/p>\n<div>\n<p><strong> \u26bd #PorLaSaludMental: derribando estigmas con el CD Legan\u00e9s<\/strong>Del 10 al 19 de octubre, lanzamos una campa\u00f1a de concienciaci\u00f3n junto al <a href=\"https:\/\/www.fundacionmanantial.org\/el-cd-leganes-lanza-su-tercera-equipacion-2025-26-porlasaludmental-en-colaboracion-con-fundacion-manantial\/\" target=\"_blank\" rel=\"noopener\">Club Deportivo Legan\u00e9s<\/a> en redes sociales y en el estadio de Butarque, bajo el lema #PorLaSaludMental. Jugadores, usuari@s y profesionales de Fundaci\u00f3n Manantial se unen para derribar mitos sobre los problemas de salud mental y recordar a la afici\u00f3n que cuidar nuestro bienestar emocional es tan importante como cuidar la salud f\u00edsica. A trav\u00e9s de distintos v\u00eddeos y mensajes en redes, compartir\u00e1n h\u00e1bitos, recursos y experiencias personales que ayudan a mantener el equilibrio emocional dentro y fuera del terreno de juego.Rompamos los mitos. Hablemos de salud mental.<\/p>\n<p><iframe title=\"YouTube video player\" src=\"https:\/\/www.youtube.com\/embed\/0-N4U57hQf8?si=VeANJS6uhqSDIvct\" width=\"560\" height=\"315\" frameborder=\"0\" allowfullscreen=\"allowfullscreen\"><\/iframe><\/p>\n<p>&nbsp;<\/p>\n<div>\n<div>\n<p><strong>\u00a0\ud83d\udc9aCharlas, jornadas, documentales, marchas y encuentros: as\u00ed vivimos el D\u00eda Mundial de la Salud Mental en nuestros centros<\/strong><\/p>\n<p>Desde nuestros centros, programas y servicios nos estamos sumando al D\u00eda Mundial con actividades que invitan a hablar de salud mental sin miedo al estigma, compartiendo experiencias y reflexiones sobre el bienestar emocional.<\/p>\n<p>En estos d\u00edas, hemos visto el documental como Luci\u00e9rnagas, participado en marchas, encuentros y talleres creativos, elaborado poemas colectivos, microrrelatos y debates sobre las \u201cmochilas invisibles\u201d que todos llevamos.<\/p>\n<p>Cada iniciativa, grande o peque\u00f1a, es una forma de encontrarnos, cuidarnos y seguir tendiendo puentes y derribando muros en salud mental.<\/p>\n<\/div>\n<\/div>\n<\/div>\n<\/div>\n<\/div>\n","protected":false},"excerpt":{"rendered":"<p>En el D\u00eda Mundial de la Salud Mental, ponemos el foco en acceso a los servicios de salud mental en cat\u00e1strofes y emergencias. En Fundaci\u00f3n Manantial estamos trabajando para garantizar que las personas afectadas por la DANA de 2024 reciban el apoyo emocional que necesitan a trav\u00e9s de las Unidades de Salud Mental de Emergencias, [&hellip;]<\/p>\n","protected":false},"author":7,"featured_media":10530,"comment_status":"closed","ping_status":"closed","sticky":false,"template":"","format":"standard","meta":{"_acf_changed":false,"give_campaign_id":0,"_seopress_robots_primary_cat":"none","_seopress_titles_title":"D\u00eda Mundial de la Salud Mental 2025: Fundaci\u00f3n Manantial refuerza la atenci\u00f3n emocional tras la DANA y lanza la campa\u00f1a #PorLaSaludMental junto al CD Legan\u00e9s","_seopress_titles_desc":"En el D\u00eda Mundial de la Salud Mental 2025, Fundaci\u00f3n Manantial impulsa la atenci\u00f3n emocional a las personas afectadas por la DANA a trav\u00e9s de las USME y lanza la campa\u00f1a #PorLaSaludMental junto al CD Legan\u00e9s para romper estigmas y promover el bienestar emocional.","_seopress_robots_index":"","footnotes":""},"categories":[34],"tags":[1412,369,1385,945,1411,125,1239,1105,1137,1381,85,139,1246,1413,1102,65,1414,111,1410,1236],"class_list":["post-10525","post","type-post","status-publish","format-standard","has-post-thumbnail","hentry","category-noticias-fundacion-manantial","tag-atencion-emocional","tag-bienestar","tag-catarroja","tag-cd-leganes","tag-comisionado-de-salud-mental","tag-comunidad-valenciana","tag-dana-2024","tag-derechos-humanos","tag-dia-mundial-de-la-salud-mental","tag-emergencias","tag-fundacion-manantial","tag-inclusion-social","tag-ministerio-de-sanidad","tag-porlasaludmental","tag-recuperacion-emocional","tag-salud-mental","tag-salud-publica","tag-sensibilizacion","tag-unidades-de-salud-mental-de-emergencia","tag-usme"],"acf":[],"_links":{"self":[{"href":"https:\/\/www.fundacionmanantial.org\/en\/wp-json\/wp\/v2\/posts\/10525","targetHints":{"allow":["GET"]}}],"collection":[{"href":"https:\/\/www.fundacionmanantial.org\/en\/wp-json\/wp\/v2\/posts"}],"about":[{"href":"https:\/\/www.fundacionmanantial.org\/en\/wp-json\/wp\/v2\/types\/post"}],"author":[{"embeddable":true,"href":"https:\/\/www.fundacionmanantial.org\/en\/wp-json\/wp\/v2\/users\/7"}],"replies":[{"embeddable":true,"href":"https:\/\/www.fundacionmanantial.org\/en\/wp-json\/wp\/v2\/comments?post=10525"}],"version-history":[{"count":4,"href":"https:\/\/www.fundacionmanantial.org\/en\/wp-json\/wp\/v2\/posts\/10525\/revisions"}],"predecessor-version":[{"id":10536,"href":"https:\/\/www.fundacionmanantial.org\/en\/wp-json\/wp\/v2\/posts\/10525\/revisions\/10536"}],"wp:featuredmedia":[{"embeddable":true,"href":"https:\/\/www.fundacionmanantial.org\/en\/wp-json\/wp\/v2\/media\/10530"}],"wp:attachment":[{"href":"https:\/\/www.fundacionmanantial.org\/en\/wp-json\/wp\/v2\/media?parent=10525"}],"wp:term":[{"taxonomy":"category","embeddable":true,"href":"https:\/\/www.fundacionmanantial.org\/en\/wp-json\/wp\/v2\/categories?post=10525"},{"taxonomy":"post_tag","embeddable":true,"href":"https:\/\/www.fundacionmanantial.org\/en\/wp-json\/wp\/v2\/tags?post=10525"}],"curies":[{"name":"wp","href":"https:\/\/api.w.org\/{rel}","templated":true}]}}