{"id":10513,"date":"2025-10-08T12:39:56","date_gmt":"2025-10-08T11:39:56","guid":{"rendered":"https:\/\/www.fundacionmanantial.org\/?p=10513"},"modified":"2025-10-13T12:41:55","modified_gmt":"2025-10-13T11:41:55","slug":"fundacion-manantial-colaborara-con-la-secretaria-general-de-instituciones-penitenciarias-en-la-formacion-para-el-empleo-de-internos-e-internas","status":"publish","type":"post","link":"https:\/\/www.fundacionmanantial.org\/en\/fundacion-manantial-colaborara-con-la-secretaria-general-de-instituciones-penitenciarias-en-la-formacion-para-el-empleo-de-internos-e-internas\/","title":{"rendered":"Fundaci\u00f3n Manantial colaborar\u00e1 con la Secretar\u00eda General de Instituciones Penitenciarias en la formaci\u00f3n para el empleo de internos e internas"},"content":{"rendered":"<p style=\"font-weight: 400;\">Fundaci\u00f3n Manantial ha sido adjudicataria del <strong>\u201cServicio de elaboraci\u00f3n de una nueva especialidad formativa sobre asistencia personal y apoyo mutuo en el medio penitenciario y los correspondientes manuales para el\/la experto\/a docente y alumnado\u201d.<\/strong><\/p>\n<p style=\"font-weight: 400;\">La oferta de contrataci\u00f3n ha partido de la <a href=\"http:\/\/www.tpfe.es\/\" target=\"_blank\" rel=\"noopener\"><strong>Entidad Estatal de Derecho P\u00fablico Trabajo Penitenciario y Formaci\u00f3n para el Empleo<\/strong><\/a> (Entidad TPFE), entidad que tiene por cometido proporcionar a los internos e internas las acciones de formaci\u00f3n que permitan mejorar su posicionamiento ante el empleo\u00a0 una vez accedan a la vida en semilibertad.<\/p>\n<p style=\"font-weight: 400;\">El objetivo del servicio es la <strong>elaboraci\u00f3n de un programa formativo que capacite a estas personas para que act\u00faen como referentes positivos, promotores de salud y presten apoyo emocional a otros internos e internas, que lo necesiten por encontrarse en situaci\u00f3n de vulnerabilidad.<\/strong><\/p>\n<p style=\"font-weight: 400;\"><strong>Fundaci\u00f3n Manantial<\/strong> ha resultado adjudicataria con una propuesta en la que ha primado la <strong>formaci\u00f3n en salud mental y adicciones, la prevenci\u00f3n, la atenci\u00f3n a la diversidad y a las personas mayores y una metodolog\u00eda muy participativa y experiencial.<\/strong><\/p>\n<p style=\"font-weight: 400;\">El contrato tiene una duraci\u00f3n de <strong>6 meses<\/strong> e incluye: el dise\u00f1o del programa y futura especialidad formativa que ser\u00e1 incorporada al Fichero de Especialidades Formativas del Servicio P\u00fablico de Empleo Estatal; la elaboraci\u00f3n de sus contenidos; la impartici\u00f3n de un curso de 150 horas en un centro penitenciario; y la elaboraci\u00f3n de sendos cuadernos para el alumnado y el experto docente.<\/p>\n<p><strong>Fundaci\u00f3n Manantial, compromiso con la inclusi\u00f3n y la salud mental<\/strong><\/p>\n<p>Fundaci\u00f3n Manantial es una entidad sin \u00e1nimo de lucro, presente en la Comunidad de Madrid y la Comunidad Valenciana, que desde 1995 trabaja por la atenci\u00f3n integral de personas con problemas de salud mental. Su prop\u00f3sito es mejorar el bienestar emocional de las personas con problemas de salud mental y crear una sociedad m\u00e1s inclusiva y respetuosa con sus derechos.<\/p>\n<p>Con amplia experiencia en el <a href=\"https:\/\/www.fundacionmanantial.org\/servicios-de-salud-mental\/ambito-penitenciario\/\" target=\"_blank\" rel=\"noopener\">\u00e1mbito penitenciario<\/a>, Fundaci\u00f3n Manantial desarrolla programas especializados que combinan atenci\u00f3n en salud mental, apoyo a la reinserci\u00f3n social y formaci\u00f3n. Con esta adjudicaci\u00f3n, Manantial refuerza su compromiso con la promoci\u00f3n de la salud mental, la inclusi\u00f3n y la creaci\u00f3n de entornos penitenciarios m\u00e1s seguros y solidarios.<\/p>\n","protected":false},"excerpt":{"rendered":"<p>Fundaci\u00f3n Manantial ha sido adjudicataria del \u201cServicio de elaboraci\u00f3n de una nueva especialidad formativa sobre asistencia personal y apoyo mutuo en el medio penitenciario y los correspondientes manuales para el\/la experto\/a docente y alumnado\u201d. La oferta de contrataci\u00f3n ha partido de la Entidad Estatal de Derecho P\u00fablico Trabajo Penitenciario y Formaci\u00f3n para el Empleo (Entidad [&hellip;]<\/p>\n","protected":false},"author":7,"featured_media":8404,"comment_status":"closed","ping_status":"closed","sticky":false,"template":"","format":"standard","meta":{"_acf_changed":false,"give_campaign_id":0,"_seopress_robots_primary_cat":"none","_seopress_titles_title":"Fundaci\u00f3n Manantial elaborar\u00e1 una nueva especialidad formativa sobre asistencia personal y apoyo mutuo en el medio penitenciario","_seopress_titles_desc":"Fundaci\u00f3n Manantial ha sido adjudicataria del servicio para dise\u00f1ar una nueva especialidad formativa en asistencia personal y apoyo mutuo en prisiones, impulsada por la Entidad Estatal Trabajo Penitenciario y Formaci\u00f3n para el Empleo, con el objetivo de promover la salud mental, la inclusi\u00f3n y la reinserci\u00f3n social.","_seopress_robots_index":"","footnotes":""},"categories":[34],"tags":[1401,236,460,880,95,125,1105,447,1070,1404,1276,1400,929,85,139,1402,1399,805,65,1403],"class_list":["post-10513","post","type-post","status-publish","format-standard","has-post-thumbnail","hentry","category-noticias-fundacion-manantial","tag-adicciones","tag-apoyo-mutuo","tag-asistencia-personal","tag-bienestar-emocional","tag-comunidad-de-madrid","tag-comunidad-valenciana","tag-derechos-humanos","tag-diversidad","tag-empleo-inclusivo","tag-especialidad-formativa","tag-formacion-para-el-empleo","tag-formacion-penitenciaria","tag-formacion-profesional","tag-fundacion-manantial","tag-inclusion-social","tag-mayores","tag-medio-penitenciario","tag-reinsercion-social","tag-salud-mental","tag-tpfe"],"acf":[],"_links":{"self":[{"href":"https:\/\/www.fundacionmanantial.org\/en\/wp-json\/wp\/v2\/posts\/10513","targetHints":{"allow":["GET"]}}],"collection":[{"href":"https:\/\/www.fundacionmanantial.org\/en\/wp-json\/wp\/v2\/posts"}],"about":[{"href":"https:\/\/www.fundacionmanantial.org\/en\/wp-json\/wp\/v2\/types\/post"}],"author":[{"embeddable":true,"href":"https:\/\/www.fundacionmanantial.org\/en\/wp-json\/wp\/v2\/users\/7"}],"replies":[{"embeddable":true,"href":"https:\/\/www.fundacionmanantial.org\/en\/wp-json\/wp\/v2\/comments?post=10513"}],"version-history":[{"count":5,"href":"https:\/\/www.fundacionmanantial.org\/en\/wp-json\/wp\/v2\/posts\/10513\/revisions"}],"predecessor-version":[{"id":10518,"href":"https:\/\/www.fundacionmanantial.org\/en\/wp-json\/wp\/v2\/posts\/10513\/revisions\/10518"}],"wp:featuredmedia":[{"embeddable":true,"href":"https:\/\/www.fundacionmanantial.org\/en\/wp-json\/wp\/v2\/media\/8404"}],"wp:attachment":[{"href":"https:\/\/www.fundacionmanantial.org\/en\/wp-json\/wp\/v2\/media?parent=10513"}],"wp:term":[{"taxonomy":"category","embeddable":true,"href":"https:\/\/www.fundacionmanantial.org\/en\/wp-json\/wp\/v2\/categories?post=10513"},{"taxonomy":"post_tag","embeddable":true,"href":"https:\/\/www.fundacionmanantial.org\/en\/wp-json\/wp\/v2\/tags?post=10513"}],"curies":[{"name":"wp","href":"https:\/\/api.w.org\/{rel}","templated":true}]}}