{"id":10177,"date":"2025-07-11T10:03:27","date_gmt":"2025-07-11T09:03:27","guid":{"rendered":"https:\/\/www.fundacionmanantial.org\/?p=10177"},"modified":"2025-07-11T10:10:59","modified_gmt":"2025-07-11T09:10:59","slug":"%f0%9f%93%a3-fundacion-manantial-aumenta-su-presencia-en-medios-y-redes-sociales-durante-junio-de-2025","status":"publish","type":"post","link":"https:\/\/www.fundacionmanantial.org\/en\/%f0%9f%93%a3-fundacion-manantial-aumenta-su-presencia-en-medios-y-redes-sociales-durante-junio-de-2025\/","title":{"rendered":"\ud83d\udce3 Fundaci\u00f3n Manantial aumenta su presencia en medios y redes sociales durante junio de 2025"},"content":{"rendered":"\n<p><strong>Fundaci\u00f3n Manantial refuerza su visibilidad y liderazgo social en salud mental durante junio de 2025, con un aumento significativo de su cobertura medi\u00e1tica y actividad digital.<\/strong><\/p>\n\n\n\n<p>Durante este mes, se han contabilizado <strong>37 apariciones en medios<\/strong>, lo que supone un incremento del <strong>8,82\u202f% respecto al mes anterior<\/strong>, con una <strong>audiencia potencial de 9.358.661 personas<\/strong>. Esta cifra representa un aumento del <strong>301,59\u202f%<\/strong> en usuarios \u00fanicos respecto a mayo. Adem\u00e1s, el <strong>Valor Publicitario Equivalente (VPE)<\/strong> alcanz\u00f3 los <strong>58.011\u202f\u20ac<\/strong>, un 60\u202f% m\u00e1s que el mes anterior.<\/p>\n\n\n\n<p>Entre los impactos m\u00e1s destacados, sobresale la publicaci\u00f3n en <em>La Raz\u00f3n<\/em> titulada <em>\u201cLa salud mental se aprende desde el colegio\u201d<\/em> y varias noticias en <em>La Vanguardia<\/em>, como la relacionada con la jornada sobre maternidad y salud mental para presentar los resultados del proyecto M\u00e1s Casa organizada por Fundaci\u00f3n Manantial en el Ministerio de Sanidad.<\/p>\n\n\n\n<p>En cuanto a <strong>formatos<\/strong>, la presencia digital contin\u00faa siendo predominante, con 36 impactos frente a 1 en papel. Los medios digitales aportaron la mayor parte del valor publicitario y la mayor audiencia, liderando la difusi\u00f3n del mensaje de la entidad.<\/p>\n\n\n\n<h3 class=\"wp-block-heading\">Actividad en redes sociales: crecimiento y engagement<\/h3>\n\n\n\n<p>La actividad en redes sociales tambi\u00e9n ha mostrado un rendimiento positivo:<\/p>\n\n\n\n<ul class=\"wp-block-list\">\n<li><strong>Instagram<\/strong>: 421 nuevos seguidores, 16.873 impresiones y un 5,11\u202f% de interacci\u00f3n con 107 publicaciones.<\/li>\n\n\n\n<li><strong>LinkedIn<\/strong>: 112 nuevos seguidores, 27.527 impresiones y un 8,07\u202f% de interacci\u00f3n con 33 publicaciones.<\/li>\n\n\n\n<li><strong>Facebook<\/strong>: 23 nuevos seguidores y una interacci\u00f3n del 9,5\u202f%.<\/li>\n\n\n\n<li><strong>X (Twitter)<\/strong>: 7 nuevos seguidores, 3.692 impresiones y un 5,76\u202f% de interacci\u00f3n con 37 publicaciones.<\/li>\n<\/ul>\n\n\n\n<p>Entre las <strong>publicaciones destacadas<\/strong> se encuentran los contenidos relacionados con M\u00e1s Casa y la salud mental en la infancia, y el impacto del proyecto T\u00e1ndem de formaci\u00f3n y empleo para personas j\u00f3venes con problemas de salud mental.<\/p>\n\n\n\n<p>Estos datos reflejan la consolidaci\u00f3n de Fundaci\u00f3n Manantial como referente informativo en salud mental, con una estrategia s\u00f3lida tanto en medios de comunicaci\u00f3n como en redes sociales.<\/p>\n\n\n\n<p><a href=\"https:\/\/www.fundacionmanantial.org\/wp-content\/uploads\/2025\/07\/Clipping-Fundacion-Manantial-junio-2025.pdf\" target=\"_blank\" rel=\"noreferrer noopener\">Ver el informe completo de impactos de junio 2025<\/a><\/p>\n","protected":false},"excerpt":{"rendered":"<p>Fundaci\u00f3n Manantial refuerza su visibilidad y liderazgo social en salud mental durante junio de 2025, con un aumento significativo de su cobertura medi\u00e1tica y actividad digital. Durante este mes, se han contabilizado 37 apariciones en medios, lo que supone un incremento del 8,82\u202f% respecto al mes anterior, con una audiencia potencial de 9.358.661 personas. Esta [&hellip;]<\/p>\n","protected":false},"author":7,"featured_media":8316,"comment_status":"closed","ping_status":"closed","sticky":false,"template":"","format":"standard","meta":{"_acf_changed":false,"give_campaign_id":0,"_seopress_robots_primary_cat":"none","_seopress_titles_title":"Fundaci\u00f3n Manantial refuerza su presencia en medios y redes sociales en junio de 2025","_seopress_titles_desc":"Con m\u00e1s de 9,3 millones de audiencia potencial y una fuerte actividad en redes sociales, Fundaci\u00f3n Manantial consolida su impacto en salud mental durante junio de 2025.","_seopress_robots_index":"","footnotes":""},"categories":[34,1],"tags":[],"class_list":["post-10177","post","type-post","status-publish","format-standard","has-post-thumbnail","hentry","category-noticias-fundacion-manantial","category-sin-categorizar"],"acf":[],"_links":{"self":[{"href":"https:\/\/www.fundacionmanantial.org\/en\/wp-json\/wp\/v2\/posts\/10177","targetHints":{"allow":["GET"]}}],"collection":[{"href":"https:\/\/www.fundacionmanantial.org\/en\/wp-json\/wp\/v2\/posts"}],"about":[{"href":"https:\/\/www.fundacionmanantial.org\/en\/wp-json\/wp\/v2\/types\/post"}],"author":[{"embeddable":true,"href":"https:\/\/www.fundacionmanantial.org\/en\/wp-json\/wp\/v2\/users\/7"}],"replies":[{"embeddable":true,"href":"https:\/\/www.fundacionmanantial.org\/en\/wp-json\/wp\/v2\/comments?post=10177"}],"version-history":[{"count":3,"href":"https:\/\/www.fundacionmanantial.org\/en\/wp-json\/wp\/v2\/posts\/10177\/revisions"}],"predecessor-version":[{"id":10185,"href":"https:\/\/www.fundacionmanantial.org\/en\/wp-json\/wp\/v2\/posts\/10177\/revisions\/10185"}],"wp:featuredmedia":[{"embeddable":true,"href":"https:\/\/www.fundacionmanantial.org\/en\/wp-json\/wp\/v2\/media\/8316"}],"wp:attachment":[{"href":"https:\/\/www.fundacionmanantial.org\/en\/wp-json\/wp\/v2\/media?parent=10177"}],"wp:term":[{"taxonomy":"category","embeddable":true,"href":"https:\/\/www.fundacionmanantial.org\/en\/wp-json\/wp\/v2\/categories?post=10177"},{"taxonomy":"post_tag","embeddable":true,"href":"https:\/\/www.fundacionmanantial.org\/en\/wp-json\/wp\/v2\/tags?post=10177"}],"curies":[{"name":"wp","href":"https:\/\/api.w.org\/{rel}","templated":true}]}}