{"id":10168,"date":"2025-07-11T08:07:53","date_gmt":"2025-07-11T07:07:53","guid":{"rendered":"https:\/\/www.fundacionmanantial.org\/?p=10168"},"modified":"2025-07-14T10:26:37","modified_gmt":"2025-07-14T09:26:37","slug":"diseno-urbano-saludable-para-el-bienestar-fisico-y-mental-colaboracion-de-fundacion-manantial-con-la-universidad-politecnica","status":"publish","type":"post","link":"https:\/\/www.fundacionmanantial.org\/en\/diseno-urbano-saludable-para-el-bienestar-fisico-y-mental-colaboracion-de-fundacion-manantial-con-la-universidad-politecnica\/","title":{"rendered":"Dise\u00f1o urbano saludable para el bienestar f\u00edsico y mental. Colaboraci\u00f3n de Fundaci\u00f3n Manantial con la Universidad Polit\u00e9cnica"},"content":{"rendered":"\n<p>Fundaci\u00f3n Manantial ha firmado un acuerdo de colaboraci\u00f3n con la Oficina de Aprendizaje-Servicio de la Universidad Polit\u00e9cnica de Madrid (UPM) con el objetivo de promover un <strong>dise\u00f1o urbano saludable<\/strong> que impacte positivamente en el <strong>bienestar f\u00edsico y mental<\/strong> de las personas.<\/p>\n\n\n\n<p>Este proyecto se enmarca dentro de los <strong>Objetivos de Desarrollo Sostenible (ODS)<\/strong> y la <strong>responsabilidad social universitaria<\/strong>, conectando el conocimiento acad\u00e9mico con las necesidades reales del entorno. En esta l\u00ednea, estudiantes del Grado en Fundamentos de Arquitectura de la Escuela T\u00e9cnica Superior de Arquitectura de Madrid desarrollar\u00e1n sus <strong>Trabajos de Fin de Grado (TFG)<\/strong> a partir de un an\u00e1lisis urban\u00edstico de los entornos y espacios exteriores de diversos centros de atenci\u00f3n social de Fundaci\u00f3n Manantial.<\/p>\n\n\n\n<h3 class=\"wp-block-heading\">Diagn\u00f3stico urbano con impacto social<\/h3>\n\n\n\n<p>El trabajo se centrar\u00e1 en <strong>caracterizar y diagnosticar<\/strong> los espacios urbanos de estos centros desde una mirada que integre salud f\u00edsica y salud mental. A partir de este an\u00e1lisis, los estudiantes elaborar\u00e1n <strong>propuestas estrat\u00e9gicas de mejora<\/strong> que podr\u00e1n traducirse en intervenciones reales en espacios comunes, patios y jardines, considerando criterios de <strong>sostenibilidad, accesibilidad y funcionalidad terap\u00e9utica<\/strong>.<\/p>\n\n\n\n<p>Adem\u00e1s de un ejercicio acad\u00e9mico, se trata de un <strong>servicio a la sociedad<\/strong>, ya que sus resultados se presentar\u00e1n a Fundaci\u00f3n Manantial como l\u00edneas de actuaci\u00f3n para la mejora del bienestar de las personas atendidas. Esta iniciativa visibiliza c\u00f3mo el urbanismo puede convertirse en una herramienta clave para la <strong>inclusi\u00f3n, el cuidado emocional y el dise\u00f1o de entornos m\u00e1s humanos<\/strong>.<\/p>\n","protected":false},"excerpt":{"rendered":"<p>Fundaci\u00f3n Manantial ha firmado un acuerdo de colaboraci\u00f3n con la Oficina de Aprendizaje-Servicio de la Universidad Polit\u00e9cnica de Madrid (UPM) con el objetivo de promover un dise\u00f1o urbano saludable que impacte positivamente en el bienestar f\u00edsico y mental de las personas. Este proyecto se enmarca dentro de los Objetivos de Desarrollo Sostenible (ODS) y la [&hellip;]<\/p>\n","protected":false},"author":7,"featured_media":10189,"comment_status":"closed","ping_status":"closed","sticky":false,"template":"","format":"standard","meta":{"_acf_changed":false,"give_campaign_id":0,"_seopress_robots_primary_cat":"none","_seopress_titles_title":"Fundaci\u00f3n Manantial y la Universidad Polit\u00e9cnica de Madrid impulsan el dise\u00f1o urbano saludable para el bienestar f\u00edsico y mental","_seopress_titles_desc":"Fundaci\u00f3n Manantial y la UPM colaboran para transformar espacios urbanos en entornos saludables. Estudiantes de arquitectura dise\u00f1ar\u00e1n propuestas que mejoren la salud f\u00edsica y emocional en centros de atenci\u00f3n social.","_seopress_robots_index":"","footnotes":""},"categories":[34,1,53],"tags":[],"class_list":["post-10168","post","type-post","status-publish","format-standard","has-post-thumbnail","hentry","category-noticias-fundacion-manantial","category-sin-categorizar","category-sin-categorizar-2"],"acf":[],"_links":{"self":[{"href":"https:\/\/www.fundacionmanantial.org\/en\/wp-json\/wp\/v2\/posts\/10168","targetHints":{"allow":["GET"]}}],"collection":[{"href":"https:\/\/www.fundacionmanantial.org\/en\/wp-json\/wp\/v2\/posts"}],"about":[{"href":"https:\/\/www.fundacionmanantial.org\/en\/wp-json\/wp\/v2\/types\/post"}],"author":[{"embeddable":true,"href":"https:\/\/www.fundacionmanantial.org\/en\/wp-json\/wp\/v2\/users\/7"}],"replies":[{"embeddable":true,"href":"https:\/\/www.fundacionmanantial.org\/en\/wp-json\/wp\/v2\/comments?post=10168"}],"version-history":[{"count":3,"href":"https:\/\/www.fundacionmanantial.org\/en\/wp-json\/wp\/v2\/posts\/10168\/revisions"}],"predecessor-version":[{"id":10173,"href":"https:\/\/www.fundacionmanantial.org\/en\/wp-json\/wp\/v2\/posts\/10168\/revisions\/10173"}],"wp:featuredmedia":[{"embeddable":true,"href":"https:\/\/www.fundacionmanantial.org\/en\/wp-json\/wp\/v2\/media\/10189"}],"wp:attachment":[{"href":"https:\/\/www.fundacionmanantial.org\/en\/wp-json\/wp\/v2\/media?parent=10168"}],"wp:term":[{"taxonomy":"category","embeddable":true,"href":"https:\/\/www.fundacionmanantial.org\/en\/wp-json\/wp\/v2\/categories?post=10168"},{"taxonomy":"post_tag","embeddable":true,"href":"https:\/\/www.fundacionmanantial.org\/en\/wp-json\/wp\/v2\/tags?post=10168"}],"curies":[{"name":"wp","href":"https:\/\/api.w.org\/{rel}","templated":true}]}}