{"id":10160,"date":"2025-07-09T08:45:19","date_gmt":"2025-07-09T07:45:19","guid":{"rendered":"https:\/\/www.fundacionmanantial.org\/?p=10160"},"modified":"2025-07-09T08:45:23","modified_gmt":"2025-07-09T07:45:23","slug":"fundacion-manantial-lanza-el-spot-senales-en-atresmedia-para-derribar-barreras-en-salud-mental","status":"publish","type":"post","link":"https:\/\/www.fundacionmanantial.org\/en\/fundacion-manantial-lanza-el-spot-senales-en-atresmedia-para-derribar-barreras-en-salud-mental\/","title":{"rendered":"Fundaci\u00f3n Manantial lanza el spot \u201cSe\u00f1ales\u201d en Atresmedia para derribar barreras en salud mental"},"content":{"rendered":"\n<p>Del 16 al 31 de julio, el mensaje de inclusi\u00f3n social y laboral de las personas con problemas de salud mental de Fundaci\u00f3n Manantial llegar\u00e1 a miles de hogares en toda Espa\u00f1a. El spot <strong>\u00abSe\u00f1ales\u00bb<\/strong>, protagonizado por el cantante <strong>Dani Mart\u00edn<\/strong> y con un texto del periodista <strong>Manuel Jabois<\/strong>, se emitir\u00e1 a nivel nacional gracias a un acuerdo de colaboraci\u00f3n con <strong>Atresmedia<\/strong>.<\/p>\n\n\n\n<blockquote class=\"wp-block-quote is-layout-flow wp-block-quote-is-layout-flow\">\n<p><em>\u00abLos problemas de salud mental hacen a las personas vulnerables, nos impiden avanzar, nos a\u00edslan\u2026 Pero queremos vivir en un mundo donde todos nos sintamos incluidos. Ser distintos sin ser diferentes. Porque\u2026 \u00bfqui\u00e9n es normal?\u00bb<\/em><\/p>\n<\/blockquote>\n\n\n\n<p>Con estas palabras, el spot interpela a la sociedad y nos invita a reflexionar. las personas con problemas de salud mental estamos aqu\u00ed y queremos trabajar, disfrutar, vivir, sin barreras, sin prejuicios. Una pieza para dar voz a las personas con problemas de salud mental y derribar de una vez los muros del estigma y la discriminaci\u00f3n.<\/p>\n\n\n\n<figure class=\"wp-block-embed is-type-video is-provider-youtube wp-block-embed-youtube wp-embed-aspect-16-9 wp-has-aspect-ratio\"><div class=\"wp-block-embed__wrapper\">\n<iframe title=\"Se\u00f1ales - Fundaci\u00f3n Manantial con Dani Mart\u00edn\" width=\"500\" height=\"281\" src=\"https:\/\/www.youtube.com\/embed\/48WKSuv8Bi8?feature=oembed\" frameborder=\"0\" allow=\"accelerometer; autoplay; clipboard-write; encrypted-media; gyroscope; picture-in-picture; web-share\" referrerpolicy=\"strict-origin-when-cross-origin\" allowfullscreen><\/iframe>\n<\/div><\/figure>\n\n\n\n<p>La campa\u00f1a se difundir\u00e1 en los bloques publicitarios de programas de m\u00e1xima audiencia de <strong>Antena 3<\/strong>, <strong>La Sexta<\/strong> y en las emisoras de radio <strong>Onda Cero<\/strong> y <strong>Europa FM<\/strong>. Desde Fundaci\u00f3n Manantial seguimos trabajando para que las personas con problemas de salud mental puedan acceder a un empleo, se respeten sus derechos, puedan participar en la vida comunitaria y vivir sin estigmas ni discriminaci\u00f3n.<\/p>\n\n\n\n<p>Cada gesto cuenta. Cada apoyo suma. <a href=\"https:\/\/www.fundacionmanantial.org\/colaborar-en-salud-mental\/\" target=\"_blank\" rel=\"noreferrer noopener\">Hazte <em>Amig@ <\/em>de Fundaci\u00f3n Manantial<\/a> y ay\u00fadanos a seguir fomentando la inclusi\u00f3n laboral y social de las personas con problemas de salud mental. Recuerda que tambi\u00e9n tenemos Bizum: \u00a1es r\u00e1pido y f\u00e1cil! Solo tienes que enviar tu contribuci\u00f3n a trav\u00e9s de la app de tu banco al c\u00f3digo 06875.<\/p>\n\n\n\n<p>\ud83d\udc49 <strong>Colabora con Fundaci\u00f3n Manantial <\/strong>para seguir construyendo un futuro m\u00e1s justo e inclusivo.<\/p>\n","protected":false},"excerpt":{"rendered":"<p>Del 16 al 31 de julio, el mensaje de inclusi\u00f3n social y laboral de las personas con problemas de salud mental de Fundaci\u00f3n Manantial llegar\u00e1 a miles de hogares en toda Espa\u00f1a. El spot \u00abSe\u00f1ales\u00bb, protagonizado por el cantante Dani Mart\u00edn y con un texto del periodista Manuel Jabois, se emitir\u00e1 a nivel nacional gracias [&hellip;]<\/p>\n","protected":false},"author":7,"featured_media":8715,"comment_status":"closed","ping_status":"closed","sticky":false,"template":"","format":"standard","meta":{"_acf_changed":false,"give_campaign_id":0,"_seopress_robots_primary_cat":"none","_seopress_titles_title":"Fundaci\u00f3n Manantial lanza su spot \u00abSe\u00f1ales\u00bb en Atresmedia con Dani Mart\u00edn y Manuel Jabois","_seopress_titles_desc":"El spot \u00abSe\u00f1ales\u00bb de Fundaci\u00f3n Manantial, protagonizado por Dani Mart\u00edn y con texto de Manuel Jabois, se emite durante 15 d\u00edas en todos los canales de Atresmedia para dar visibilidad a la salud mental y combatir el estigma.","_seopress_robots_index":"","footnotes":""},"categories":[34,1],"tags":[],"class_list":["post-10160","post","type-post","status-publish","format-standard","has-post-thumbnail","hentry","category-noticias-fundacion-manantial","category-sin-categorizar"],"acf":[],"_links":{"self":[{"href":"https:\/\/www.fundacionmanantial.org\/en\/wp-json\/wp\/v2\/posts\/10160","targetHints":{"allow":["GET"]}}],"collection":[{"href":"https:\/\/www.fundacionmanantial.org\/en\/wp-json\/wp\/v2\/posts"}],"about":[{"href":"https:\/\/www.fundacionmanantial.org\/en\/wp-json\/wp\/v2\/types\/post"}],"author":[{"embeddable":true,"href":"https:\/\/www.fundacionmanantial.org\/en\/wp-json\/wp\/v2\/users\/7"}],"replies":[{"embeddable":true,"href":"https:\/\/www.fundacionmanantial.org\/en\/wp-json\/wp\/v2\/comments?post=10160"}],"version-history":[{"count":2,"href":"https:\/\/www.fundacionmanantial.org\/en\/wp-json\/wp\/v2\/posts\/10160\/revisions"}],"predecessor-version":[{"id":10164,"href":"https:\/\/www.fundacionmanantial.org\/en\/wp-json\/wp\/v2\/posts\/10160\/revisions\/10164"}],"wp:featuredmedia":[{"embeddable":true,"href":"https:\/\/www.fundacionmanantial.org\/en\/wp-json\/wp\/v2\/media\/8715"}],"wp:attachment":[{"href":"https:\/\/www.fundacionmanantial.org\/en\/wp-json\/wp\/v2\/media?parent=10160"}],"wp:term":[{"taxonomy":"category","embeddable":true,"href":"https:\/\/www.fundacionmanantial.org\/en\/wp-json\/wp\/v2\/categories?post=10160"},{"taxonomy":"post_tag","embeddable":true,"href":"https:\/\/www.fundacionmanantial.org\/en\/wp-json\/wp\/v2\/tags?post=10160"}],"curies":[{"name":"wp","href":"https:\/\/api.w.org\/{rel}","templated":true}]}}