{"id":10151,"date":"2025-07-09T08:30:50","date_gmt":"2025-07-09T07:30:50","guid":{"rendered":"https:\/\/www.fundacionmanantial.org\/?p=10151"},"modified":"2025-10-24T11:49:56","modified_gmt":"2025-10-24T10:49:56","slug":"mas-casa-un-modelo-innovador-en-salud-mental-infantil-que-demuestra-su-impacto-y-potencial-de-escalabilidad","status":"publish","type":"post","link":"https:\/\/www.fundacionmanantial.org\/en\/mas-casa-un-modelo-innovador-en-salud-mental-infantil-que-demuestra-su-impacto-y-potencial-de-escalabilidad\/","title":{"rendered":"M\u00e1s Casa: un modelo innovador en salud mental infantil que demuestra su impacto y potencial de escalabilidad"},"content":{"rendered":"\r\n<p>La evaluaci\u00f3n externa del proyecto <strong>M\u00e1s Casa<\/strong> de <strong>Fundaci\u00f3n Manantial<\/strong>, destaca su capacidad para transformar la atenci\u00f3n a la salud mental infantil y prevenir situaciones de desprotecci\u00f3n en familias vulnerables. El informe, elaborado por <strong>SILO<\/strong> y <strong>KSNET<\/strong>, se\u00f1ala su pertinencia como pol\u00edtica p\u00fablica replicable en el sistema de servicios sociales.<\/p>\r\n\r\n\r\n\r\n<p>Garantizar la salud mental infantil sigue siendo uno de los grandes retos en las pol\u00edticas p\u00fablicas en Espa\u00f1a. En este contexto, Fundaci\u00f3n Manantial impuls\u00f3 <strong>M\u00e1s Casa<\/strong>, un proyecto piloto basado en el modelo Casa Verde, que durante 14 a\u00f1os ha ofrecido atenci\u00f3n integral a familias con menores de cinco a\u00f1os en situaci\u00f3n de vulnerabilidad psicosocial.<\/p>\r\n\r\n\r\n\r\n<p>Ahora, el <strong>informe de evaluaci\u00f3n externa<\/strong> elaborado por las consultoras especializadas <strong>SILO (Science &amp; Innovation Link Office)<\/strong> y <strong>KSNET (Knowledge Sharing Network)<\/strong> confirma que el programa es <strong>pertinente, eficiente y escalable<\/strong>, con alto potencial para integrarse en la red de servicios p\u00fablicos de la Comunidad de Madrid.<\/p>\r\n\r\n\r\n\r\n<p>El modelo apuesta por un enfoque <strong>preventivo, intensivo y comunitario<\/strong>, que trabaja el v\u00ednculo familiar como eje central de la intervenci\u00f3n, frente a respuestas reactivas que llegan cuando el da\u00f1o ya est\u00e1 hecho. Adem\u00e1s, incorpora transversalmente criterios de <strong>g\u00e9nero, sostenibilidad, accesibilidad y enfoque relacional<\/strong>, lo que refuerza su coherencia con los principios del <strong>Componente 22 del Plan de Recuperaci\u00f3n, Transformaci\u00f3n y Resiliencia<\/strong>, financiado por los fondos <strong>NextGenerationEU<\/strong>.<\/p>\r\n\r\n\r\n\r\n<p>Entre sus herramientas destaca el uso de tecnolog\u00edas para la medici\u00f3n de impacto como la plataforma <strong>IMPACTA<\/strong>, as\u00ed como la implementaci\u00f3n de escalas propias como <strong>MOCAVABE<\/strong>, o el recurso metodol\u00f3gico <strong>Ayudante Alucinante<\/strong>, centrado en el acompa\u00f1amiento terap\u00e9utico infantil.<\/p>\r\n\r\n\r\n\r\n<p>El informe valora positivamente la capacidad del programa para adaptarse a distintos contextos territoriales, su enfoque innovador para abordar la salud mental infantil desde una perspectiva relacional, y su potencial como <strong>referente en la nueva econom\u00eda de los cuidados<\/strong>.<\/p>\r\n\r\n\r\n\r\n<p>Aunque el piloto no ha contado con una evaluaci\u00f3n propia de impacto a lo largo de su implementaci\u00f3n, el documento recomienda impulsar una siguiente fase orientada a su <strong>ampliaci\u00f3n territorial<\/strong> y consolidaci\u00f3n institucional, con la participaci\u00f3n de agentes auton\u00f3micos y locales.<\/p>\r\n\r\n\r\n\r\n<p>En definitiva, <strong>M\u00e1s Casa representa una propuesta transformadora<\/strong> que sit\u00faa la dignidad, el acompa\u00f1amiento y el cuidado en el centro, <strong>generando un nuevo marco de acci\u00f3n para prevenir la desprotecci\u00f3n infantil y reforzar los v\u00ednculos familiares desde los primeros a\u00f1os de vida.<\/strong><\/p>\r\n\r\n\r\n\r\n<p><a href=\"https:\/\/www.fundacionmanantial.org\/wp-content\/uploads\/2025\/10\/Informe-de-evaluacion-Mas-Casa-KSNET.pdf\" target=\"_blank\" rel=\"noopener\">Leer el informe completo de SILO y KSNET<\/a><\/p>\r\n\r\n\r\n\r\n<p><strong>Sobre el proyecto<\/strong><\/p>\r\n\r\n\r\n\r\n<p><strong>\u00abM\u00e1s Casa\u201d<\/strong>\u00a0es un proyecto piloto para la sistematizaci\u00f3n y medici\u00f3n de la metodolog\u00eda \u201cCasa Verde\u201d, un programa de atenci\u00f3n que pusimos en marcha hace 14 a\u00f1os dirigido a madres y padres o mujeres embarazadas con problemas de salud mental o inestabilidad emocional y a sus hijos e hijas entre 0 y 5 a\u00f1os, que pretende prevenir posibles alteraciones emocionales y\/o en el desarrollo de los ni\u00f1os.<\/p>\r\n\r\n\r\n\r\n<p>Este proyecto piloto de innovaci\u00f3n social ha sido subvencionado por la\u00a0<a href=\"https:\/\/www.comunidad.madrid\/centros\/consejeria-familia-juventud-asuntos-sociales\" target=\"_blank\" rel=\"noreferrer noopener\">Consejer\u00eda de Familia, Juventud y Asuntos Sociales<\/a>\u00a0de la Comunidad de Madrid y cofinanciado por el\u00a0<a href=\"https:\/\/planderecuperacion.gob.es\/\" target=\"_blank\" rel=\"noreferrer noopener\">Plan de Recuperaci\u00f3n, Transformaci\u00f3n y\u00a0Resiliencia<\/a>, financiado por la Uni\u00f3n Europea \u2013\u00a0<a href=\"https:\/\/next-generation-eu.europa.eu\/index_es\" target=\"_blank\" rel=\"noreferrer noopener\">NextGenerationEU<\/a>.<\/p>\r\n","protected":false},"excerpt":{"rendered":"<p>La evaluaci\u00f3n externa del proyecto M\u00e1s Casa de Fundaci\u00f3n Manantial, destaca su capacidad para transformar la atenci\u00f3n a la salud mental infantil y prevenir situaciones de desprotecci\u00f3n en familias vulnerables. El informe, elaborado por SILO y KSNET, se\u00f1ala su pertinencia como pol\u00edtica p\u00fablica replicable en el sistema de servicios sociales. Garantizar la salud mental infantil [&hellip;]<\/p>\n","protected":false},"author":7,"featured_media":10155,"comment_status":"closed","ping_status":"closed","sticky":false,"template":"","format":"standard","meta":{"_acf_changed":false,"give_campaign_id":0,"_seopress_robots_primary_cat":"none","_seopress_titles_title":"M\u00e1s Casa: modelo de salud mental infantil con impacto social y potencial de replicabilidad","_seopress_titles_desc":"El informe de SILO y KSNET sobre el proyecto M\u00e1s Casa de Fundaci\u00f3n Manantial destaca su eficacia, escalabilidad y potencial como pol\u00edtica p\u00fablica en salud mental infantil.","_seopress_robots_index":"","footnotes":""},"categories":[34],"tags":[],"class_list":["post-10151","post","type-post","status-publish","format-standard","has-post-thumbnail","hentry","category-noticias-fundacion-manantial"],"acf":[],"_links":{"self":[{"href":"https:\/\/www.fundacionmanantial.org\/en\/wp-json\/wp\/v2\/posts\/10151","targetHints":{"allow":["GET"]}}],"collection":[{"href":"https:\/\/www.fundacionmanantial.org\/en\/wp-json\/wp\/v2\/posts"}],"about":[{"href":"https:\/\/www.fundacionmanantial.org\/en\/wp-json\/wp\/v2\/types\/post"}],"author":[{"embeddable":true,"href":"https:\/\/www.fundacionmanantial.org\/en\/wp-json\/wp\/v2\/users\/7"}],"replies":[{"embeddable":true,"href":"https:\/\/www.fundacionmanantial.org\/en\/wp-json\/wp\/v2\/comments?post=10151"}],"version-history":[{"count":3,"href":"https:\/\/www.fundacionmanantial.org\/en\/wp-json\/wp\/v2\/posts\/10151\/revisions"}],"predecessor-version":[{"id":10649,"href":"https:\/\/www.fundacionmanantial.org\/en\/wp-json\/wp\/v2\/posts\/10151\/revisions\/10649"}],"wp:featuredmedia":[{"embeddable":true,"href":"https:\/\/www.fundacionmanantial.org\/en\/wp-json\/wp\/v2\/media\/10155"}],"wp:attachment":[{"href":"https:\/\/www.fundacionmanantial.org\/en\/wp-json\/wp\/v2\/media?parent=10151"}],"wp:term":[{"taxonomy":"category","embeddable":true,"href":"https:\/\/www.fundacionmanantial.org\/en\/wp-json\/wp\/v2\/categories?post=10151"},{"taxonomy":"post_tag","embeddable":true,"href":"https:\/\/www.fundacionmanantial.org\/en\/wp-json\/wp\/v2\/tags?post=10151"}],"curies":[{"name":"wp","href":"https:\/\/api.w.org\/{rel}","templated":true}]}}