{"id":10144,"date":"2025-07-07T09:48:45","date_gmt":"2025-07-07T08:48:45","guid":{"rendered":"https:\/\/www.fundacionmanantial.org\/?p=10144"},"modified":"2025-07-07T09:59:13","modified_gmt":"2025-07-07T08:59:13","slug":"fundacion-manantial-impulsa-la-participacion-comunitaria-y-el-cuidado-de-la-salud-mental-en-su-boletin-de-julio","status":"publish","type":"post","link":"https:\/\/www.fundacionmanantial.org\/en\/fundacion-manantial-impulsa-la-participacion-comunitaria-y-el-cuidado-de-la-salud-mental-en-su-boletin-de-julio\/","title":{"rendered":"Fundaci\u00f3n Manantial impulsa la participaci\u00f3n comunitaria y el cuidado de la salud mental en su bolet\u00edn de julio"},"content":{"rendered":"\n<p>El bolet\u00edn n\u00famero 30 de Fundaci\u00f3n Manantial recoge las acciones m\u00e1s destacadas del mes de julio, enfocadas en la promoci\u00f3n de la salud mental, la integraci\u00f3n comunitaria y el empoderamiento de las personas atendidas en sus recursos.<\/p>\n\n\n\n<p>\ud83e\ude7a <strong>Trabajo conjunto con la Unidad de Atenci\u00f3n Residencial (Fuenlabrada)<\/strong><br>Desde la Residencia de &#8220;Fuenlabrada&#8221;, se consolida la colaboraci\u00f3n con la Unidad de Atenci\u00f3n Residencial del \u00e1rea Oeste para mejorar el cuidado de la salud f\u00edsica de las personas residentes, mediante formaciones sobre higiene, prevenci\u00f3n de olas de calor o salud bucodental, adem\u00e1s de sesiones individuales. Est\u00e1 prevista una pr\u00f3xima charla sobre alimentaci\u00f3n saludable \ud83c\udf4e.<\/p>\n\n\n\n<p>\ud83c\udfac <strong>Videof\u00f3rum \u201cLuci\u00e9rnagas\u201d en Vila-real (Castell\u00f3n)<\/strong><br>El Servicio de Promoci\u00f3n de la Salud Mental Comunitaria organiz\u00f3 un videof\u00f3rum con el documental <em>Luci\u00e9rnagas<\/em> en el Hospital de D\u00eda de Vila-real. La actividad estuvo dirigida a familias, personas usuarias y profesionales, con el objetivo de reducir el estigma y destacar el papel del apoyo familiar \ud83e\udd1d.<\/p>\n\n\n\n<p>\u2640\ufe0f <strong>VI Encuentro de Mujeres Residenciales (<strong>Pisos Supervisados Arganda- Rivas, Residencias de Parla, Legan\u00e9s, Fuenlabrada y Torrej\u00f3n<\/strong>)<\/strong><br>El 11 de junio se celebr\u00f3 este encuentro en la Casa Feminista de Rivas, con mujeres de diferentes recursos residenciales. Fue un espacio de introspecci\u00f3n y celebraci\u00f3n, guiado por la activista en primera persona Alicia Benito. Las residentes compartieron una merienda y regalaron llaveros hechos por ellas mismas \ud83e\uddf5\u2728.<\/p>\n\n\n\n<p>\ud83c\udf33 <strong>Encuentro comunitario en la Plaza Blanca (San Blas)<\/strong><br>El Equipo de Apoyo (EASC) &#8220;San Blas&#8221; cerr\u00f3 la tercera temporada de sus encuentros comunitarios mensuales en la Plaza Blanca. Esta \u00faltima edici\u00f3n incluy\u00f3 una poes\u00eda colectiva en vivo, una exposici\u00f3n de arte geom\u00e9trico y un cierre musical con instrumentos de percusi\u00f3n. Un ejemplo de participaci\u00f3n vecinal y creatividad compartida \ud83c\udfa4\ud83c\udfa8\ud83e\udd41.<\/p>\n\n\n\n<p>\u26bd <strong>\u201cGolazo al estigma\u201d en Legan\u00e9s<\/strong><br>El 8 de junio se celebr\u00f3 esta actividad deportiva organizada por los recursos de Legan\u00e9s y otros centros de Fundaci\u00f3n Manantial. La ma\u00f1ana de f\u00fatbol sala reuni\u00f3 a 47 personas entre vecin@s, familias y personas usuarias, fomentando la inclusi\u00f3n y la convivencia a trav\u00e9s del deporte y un aperitivo final \ud83c\udf7d\ufe0f.<\/p>\n\n\n\n<p>Estas iniciativas demuestran el compromiso de Fundaci\u00f3n Manantial con una salud mental comunitaria, inclusiva y centrada en las personas \ud83d\udc99.<\/p>\n\n\n\n<p><strong><a href=\"https:\/\/www.fundacionmanantial.org\/wp-content\/uploads\/2025\/07\/Boletin-Julio-2025.pdf\" target=\"_blank\" rel=\"noreferrer noopener\">Leer el bolet\u00edn de julio 2025<\/a><\/strong><\/p>\n","protected":false},"excerpt":{"rendered":"<p>El bolet\u00edn n\u00famero 30 de Fundaci\u00f3n Manantial recoge las acciones m\u00e1s destacadas del mes de julio, enfocadas en la promoci\u00f3n de la salud mental, la integraci\u00f3n comunitaria y el empoderamiento de las personas atendidas en sus recursos. \ud83e\ude7a Trabajo conjunto con la Unidad de Atenci\u00f3n Residencial (Fuenlabrada)Desde la Residencia de &#8220;Fuenlabrada&#8221;, se consolida la colaboraci\u00f3n [&hellip;]<\/p>\n","protected":false},"author":7,"featured_media":10148,"comment_status":"closed","ping_status":"closed","sticky":false,"template":"","format":"standard","meta":{"_acf_changed":false,"give_campaign_id":0,"_seopress_robots_primary_cat":"none","_seopress_titles_title":"Fundaci\u00f3n Manantial refuerza la salud mental comunitaria con actividades participativas en julio","_seopress_titles_desc":"Descubre las actividades comunitarias, formativas y de sensibilizaci\u00f3n de Fundaci\u00f3n Manantial en julio: encuentros, deporte, videof\u00f3rum y colaboraci\u00f3n sociosanitaria.","_seopress_robots_index":"","footnotes":""},"categories":[34,1],"tags":[],"class_list":["post-10144","post","type-post","status-publish","format-standard","has-post-thumbnail","hentry","category-noticias-fundacion-manantial","category-sin-categorizar"],"acf":[],"_links":{"self":[{"href":"https:\/\/www.fundacionmanantial.org\/en\/wp-json\/wp\/v2\/posts\/10144","targetHints":{"allow":["GET"]}}],"collection":[{"href":"https:\/\/www.fundacionmanantial.org\/en\/wp-json\/wp\/v2\/posts"}],"about":[{"href":"https:\/\/www.fundacionmanantial.org\/en\/wp-json\/wp\/v2\/types\/post"}],"author":[{"embeddable":true,"href":"https:\/\/www.fundacionmanantial.org\/en\/wp-json\/wp\/v2\/users\/7"}],"replies":[{"embeddable":true,"href":"https:\/\/www.fundacionmanantial.org\/en\/wp-json\/wp\/v2\/comments?post=10144"}],"version-history":[{"count":2,"href":"https:\/\/www.fundacionmanantial.org\/en\/wp-json\/wp\/v2\/posts\/10144\/revisions"}],"predecessor-version":[{"id":10150,"href":"https:\/\/www.fundacionmanantial.org\/en\/wp-json\/wp\/v2\/posts\/10144\/revisions\/10150"}],"wp:featuredmedia":[{"embeddable":true,"href":"https:\/\/www.fundacionmanantial.org\/en\/wp-json\/wp\/v2\/media\/10148"}],"wp:attachment":[{"href":"https:\/\/www.fundacionmanantial.org\/en\/wp-json\/wp\/v2\/media?parent=10144"}],"wp:term":[{"taxonomy":"category","embeddable":true,"href":"https:\/\/www.fundacionmanantial.org\/en\/wp-json\/wp\/v2\/categories?post=10144"},{"taxonomy":"post_tag","embeddable":true,"href":"https:\/\/www.fundacionmanantial.org\/en\/wp-json\/wp\/v2\/tags?post=10144"}],"curies":[{"name":"wp","href":"https:\/\/api.w.org\/{rel}","templated":true}]}}