{"id":10125,"date":"2025-07-01T21:44:00","date_gmt":"2025-07-01T20:44:00","guid":{"rendered":"https:\/\/www.fundacionmanantial.org\/?p=10125"},"modified":"2025-07-03T12:46:29","modified_gmt":"2025-07-03T11:46:29","slug":"el-proyecto-alternancia-joven-de-fundacion-manantial-una-oportunidad-de-empleo-para-jovenes-con-problemas-de-salud-mental","status":"publish","type":"post","link":"https:\/\/www.fundacionmanantial.org\/en\/el-proyecto-alternancia-joven-de-fundacion-manantial-una-oportunidad-de-empleo-para-jovenes-con-problemas-de-salud-mental\/","title":{"rendered":"El proyecto &#8216;Alternancia Joven&#8217; de Fundaci\u00f3n Manantial, una oportunidad de empleo para j\u00f3venes con problemas de salud mental"},"content":{"rendered":"\n<p>En diciembre de 2024, Fundaci\u00f3n Manantial puso en marcha el proyecto <strong>&#8220;Alternancia Joven&#8221;<\/strong> en su <strong>Centro de Formaci\u00f3n para el Empleo<\/strong>, con el objetivo de <strong>promover el empleo entre j\u00f3venes con problemas de salud mental.<\/strong> Esta iniciativa combina formaci\u00f3n pr\u00e1ctica con oportunidades reales de inclusi\u00f3n laboral, contribuyendo as\u00ed a la construcci\u00f3n de un futuro profesional s\u00f3lido para sus participantes.<\/p>\n\n\n\n<p>El proyecto parte de la convicci\u00f3n de que la <strong>formaci\u00f3n y el empleo son herramientas clave para la prevenci\u00f3n en salud mental<\/strong>, especialmente en etapas tempranas de la vida. El objetivo principal es <strong>evitar el agravamiento o la cronificaci\u00f3n de los problemas de salud mental en j\u00f3venes<\/strong>, brind\u00e1ndoles la oportunidad de recuperar la confianza y avanzar en su proceso de recuperaci\u00f3n.<\/p>\n\n\n\n<p>El grupo est\u00e1 formado por <strong>15 j\u00f3venes menores de 30 a\u00f1os<\/strong>, quienes han finalizado ya su fase formativa. Durante esta etapa, han realizado un <strong>m\u00f3dulo de Ofim\u00e1tica<\/strong> y han obtenido el <strong>Certificado de Profesionalidad en \u201cOperaciones Auxiliares de Servicios Administrativos y Generales\u201d<\/strong>. A finales de mayo se incorporaron a una nueva fase laboral en la que desempe\u00f1an funciones como <strong>digitalizaci\u00f3n, archivo y renombramiento de documentos<\/strong>, poniendo en pr\u00e1ctica los conocimientos adquiridos. Sus puestos de trabajo est\u00e1n ubicados en <strong>las sedes de Fundaci\u00f3n Manantial en Retiro y Silvano<\/strong>.<\/p>\n\n\n\n<p>El proyecto est\u00e1 financiado por la <strong><a href=\"https:\/\/www.comunidad.madrid\/transparencia\/unidad-organizativa-responsable\/consejeria-economia-hacienda-y-empleo\" target=\"_blank\" rel=\"noreferrer noopener\">Consejer\u00eda de Econom\u00eda, Hacienda y Empleo de la Comunidad de Madrid<\/a><\/strong> y el <strong><a href=\"https:\/\/www.sepe.es\/HomeSepe\/es\/\" target=\"_blank\" rel=\"noreferrer noopener\">Servicio P\u00fablico de Empleo Estatal (SEPE)<\/a><\/strong>, en el marco de los programas de fomento del empleo juvenil y la inclusi\u00f3n de colectivos vulnerables.<\/p>\n","protected":false},"excerpt":{"rendered":"<p>En diciembre de 2024, Fundaci\u00f3n Manantial puso en marcha el proyecto &#8220;Alternancia Joven&#8221; en su Centro de Formaci\u00f3n para el Empleo, con el objetivo de promover el empleo entre j\u00f3venes con problemas de salud mental. Esta iniciativa combina formaci\u00f3n pr\u00e1ctica con oportunidades reales de inclusi\u00f3n laboral, contribuyendo as\u00ed a la construcci\u00f3n de un futuro profesional [&hellip;]<\/p>\n","protected":false},"author":7,"featured_media":10129,"comment_status":"closed","ping_status":"closed","sticky":false,"template":"","format":"standard","meta":{"_acf_changed":false,"give_campaign_id":0,"_seopress_robots_primary_cat":"none","_seopress_titles_title":"Alternancia Joven: 15 j\u00f3venes con problemas de salud mental inician su etapa laboral en Fundaci\u00f3n Manantial","_seopress_titles_desc":"Tras completar su formaci\u00f3n, 15 j\u00f3venes inician su etapa laboral en Fundaci\u00f3n Manantial dentro del proyecto Alternancia Joven, orientado a la inclusi\u00f3n laboral y la prevenci\u00f3n en salud mental.","_seopress_robots_index":"","footnotes":""},"categories":[34,1],"tags":[],"class_list":["post-10125","post","type-post","status-publish","format-standard","has-post-thumbnail","hentry","category-noticias-fundacion-manantial","category-sin-categorizar"],"acf":[],"_links":{"self":[{"href":"https:\/\/www.fundacionmanantial.org\/en\/wp-json\/wp\/v2\/posts\/10125","targetHints":{"allow":["GET"]}}],"collection":[{"href":"https:\/\/www.fundacionmanantial.org\/en\/wp-json\/wp\/v2\/posts"}],"about":[{"href":"https:\/\/www.fundacionmanantial.org\/en\/wp-json\/wp\/v2\/types\/post"}],"author":[{"embeddable":true,"href":"https:\/\/www.fundacionmanantial.org\/en\/wp-json\/wp\/v2\/users\/7"}],"replies":[{"embeddable":true,"href":"https:\/\/www.fundacionmanantial.org\/en\/wp-json\/wp\/v2\/comments?post=10125"}],"version-history":[{"count":1,"href":"https:\/\/www.fundacionmanantial.org\/en\/wp-json\/wp\/v2\/posts\/10125\/revisions"}],"predecessor-version":[{"id":10128,"href":"https:\/\/www.fundacionmanantial.org\/en\/wp-json\/wp\/v2\/posts\/10125\/revisions\/10128"}],"wp:featuredmedia":[{"embeddable":true,"href":"https:\/\/www.fundacionmanantial.org\/en\/wp-json\/wp\/v2\/media\/10129"}],"wp:attachment":[{"href":"https:\/\/www.fundacionmanantial.org\/en\/wp-json\/wp\/v2\/media?parent=10125"}],"wp:term":[{"taxonomy":"category","embeddable":true,"href":"https:\/\/www.fundacionmanantial.org\/en\/wp-json\/wp\/v2\/categories?post=10125"},{"taxonomy":"post_tag","embeddable":true,"href":"https:\/\/www.fundacionmanantial.org\/en\/wp-json\/wp\/v2\/tags?post=10125"}],"curies":[{"name":"wp","href":"https:\/\/api.w.org\/{rel}","templated":true}]}}