{"id":10039,"date":"2025-07-01T11:09:24","date_gmt":"2025-07-01T10:09:24","guid":{"rendered":"https:\/\/www.fundacionmanantial.org\/?p=10039"},"modified":"2025-07-29T13:53:46","modified_gmt":"2025-07-29T12:53:46","slug":"fundacion-manantial-lidera-la-puesta-en-marcha-de-las-unidades-de-salud-mental-de-emergencia-tras-la-dana","status":"publish","type":"post","link":"https:\/\/www.fundacionmanantial.org\/en\/fundacion-manantial-lidera-la-puesta-en-marcha-de-las-unidades-de-salud-mental-de-emergencia-tras-la-dana\/","title":{"rendered":"Fundaci\u00f3n Manantial lidera la puesta en marcha de las Unidades de Salud Mental de Emergencia tras la DANA"},"content":{"rendered":"\r\n<p>Tras el grave impacto emocional y social provocado por la DANA de octubre de 2024, el Comisionado de Salud Mental del\u00a0<a href=\"https:\/\/www.sanidad.gob.es\/\" target=\"_blank\" rel=\"noreferrer noopener\">Ministerio de Sanidad<\/a>, a trav\u00e9s de la\u00a0<a href=\"https:\/\/fcsai.es\/\" target=\"_blank\" rel=\"noreferrer noopener\">Fundaci\u00f3n CSAI<\/a>, ha puesto en marcha el proyecto USME (Unidades de Salud Mental de Emergencia), una iniciativa destinada a ofrecer atenci\u00f3n psicosocial inmediata a las personas afectadas por esta cat\u00e1strofe.<\/p>\r\n\r\n\r\n\r\n<p><strong>Fundaci\u00f3n Manantial ser\u00e1 la entidad encargada de liderar el proyecto durante 14 meses<\/strong>, desplegando un equipo de\u00a0<strong>60 profesionales<\/strong>\u00a0en las comunidades aut\u00f3nomas m\u00e1s afectadas:\u00a0<strong>la Comunidad Valenciana y Castilla-La Mancha<\/strong>.<\/p>\r\n\r\n\r\n\r\n<p>El objetivo principal de esta intervenci\u00f3n es\u00a0<strong>apoyar la recuperaci\u00f3n emocional y psicol\u00f3gica de las personas afectadas<\/strong>, as\u00ed como la\u00a0<strong>prevenci\u00f3n y detecci\u00f3n temprana de trastornos mentales<\/strong>\u00a0a corto y medio plazo. Entre los efectos m\u00e1s comunes derivados de la cat\u00e1strofe se encuentran el estr\u00e9s agudo, el duelo, la ansiedad, la depresi\u00f3n y el trastorno de estr\u00e9s postraum\u00e1tico (TEPT), especialmente en grupos vulnerables como la infancia, personas mayores o con antecedentes en salud mental.<\/p>\r\n\r\n\r\n\r\n<p>El 19 de junio se incorpor\u00f3 el equipo t\u00e9cnico y profesional que desarrollar\u00e1 el proyecto. La intervenci\u00f3n comenzar\u00e1 con una\u00a0<strong>fase inicial de formaci\u00f3n especializada<\/strong>\u00a0centrada en el\u00a0<strong>trauma colectivo<\/strong>, el\u00a0<strong>desarrollo de habilidades de comunicaci\u00f3n individual y grupal<\/strong>,\u00a0<strong>salud mental infanto-juvenil<\/strong>\u00a0y el\u00a0<strong>trabajo con redes de activos comunitarios<\/strong>\u00a0en\u00a0la Comunidad Valenciana.<\/p>\r\n\r\n\r\n\r\n<p>Las USME son unidades m\u00f3viles y comunitarias que permitir\u00e1n una\u00a0<strong>atenci\u00f3n cercana, r\u00e1pida y adaptada al contexto local<\/strong>. El modelo de intervenci\u00f3n est\u00e1 basado en las recomendaciones de la OMS y contempla acciones en cuatro niveles: desde el apoyo comunitario y grupal hasta la derivaci\u00f3n a servicios especializados para los casos m\u00e1s graves, pasando por intervenciones focalizadas en personas especialmente afectadas.<\/p>\r\n\r\n\r\n\r\n<p>Fundaci\u00f3n Manantial coordinar\u00e1 esta actuaci\u00f3n con los centros de salud, los servicios sociales y otros recursos de emergencia, contribuyendo as\u00ed a una respuesta integral que\u00a0<strong>prioriza la salud mental como un componente esencial en la reconstrucci\u00f3n tras una emergencia<\/strong>.<\/p>\r\n\r\n\r\n\r\n<p>Participar en este ambicioso proyecto es para nuestra organizaci\u00f3n un enorme reto y una oportunidad para nuestros\/as profesionales, contribuyendo a la mejora del bienestar emocional de la poblaci\u00f3n tras el devastador impacto de la Dana en la Comunidad Valenciana.\u00a0<\/p>\r\n","protected":false},"excerpt":{"rendered":"<p>Tras el grave impacto emocional y social provocado por la DANA de octubre de 2024, el Comisionado de Salud Mental del\u00a0Ministerio de Sanidad, a trav\u00e9s de la\u00a0Fundaci\u00f3n CSAI, ha puesto en marcha el proyecto USME (Unidades de Salud Mental de Emergencia), una iniciativa destinada a ofrecer atenci\u00f3n psicosocial inmediata a las personas afectadas por esta [&hellip;]<\/p>\n","protected":false},"author":7,"featured_media":10165,"comment_status":"closed","ping_status":"closed","sticky":false,"template":"","format":"standard","meta":{"_acf_changed":false,"give_campaign_id":0,"_seopress_robots_primary_cat":"none","_seopress_titles_title":"Fundaci\u00f3n Manantial lidera el proyecto USME para la atenci\u00f3n psicol\u00f3gica tras la DANA","_seopress_titles_desc":"Fundaci\u00f3n Manantial lidera el despliegue de 60 profesionales en Comunidad Valenciana y Castilla-La Mancha para atender el impacto emocional de la DANA y prevenir problemas de salud mental a corto y medio plazo.","_seopress_robots_index":"","footnotes":""},"categories":[34],"tags":[],"class_list":["post-10039","post","type-post","status-publish","format-standard","has-post-thumbnail","hentry","category-noticias-fundacion-manantial"],"acf":[],"_links":{"self":[{"href":"https:\/\/www.fundacionmanantial.org\/en\/wp-json\/wp\/v2\/posts\/10039","targetHints":{"allow":["GET"]}}],"collection":[{"href":"https:\/\/www.fundacionmanantial.org\/en\/wp-json\/wp\/v2\/posts"}],"about":[{"href":"https:\/\/www.fundacionmanantial.org\/en\/wp-json\/wp\/v2\/types\/post"}],"author":[{"embeddable":true,"href":"https:\/\/www.fundacionmanantial.org\/en\/wp-json\/wp\/v2\/users\/7"}],"replies":[{"embeddable":true,"href":"https:\/\/www.fundacionmanantial.org\/en\/wp-json\/wp\/v2\/comments?post=10039"}],"version-history":[{"count":3,"href":"https:\/\/www.fundacionmanantial.org\/en\/wp-json\/wp\/v2\/posts\/10039\/revisions"}],"predecessor-version":[{"id":10248,"href":"https:\/\/www.fundacionmanantial.org\/en\/wp-json\/wp\/v2\/posts\/10039\/revisions\/10248"}],"wp:featuredmedia":[{"embeddable":true,"href":"https:\/\/www.fundacionmanantial.org\/en\/wp-json\/wp\/v2\/media\/10165"}],"wp:attachment":[{"href":"https:\/\/www.fundacionmanantial.org\/en\/wp-json\/wp\/v2\/media?parent=10039"}],"wp:term":[{"taxonomy":"category","embeddable":true,"href":"https:\/\/www.fundacionmanantial.org\/en\/wp-json\/wp\/v2\/categories?post=10039"},{"taxonomy":"post_tag","embeddable":true,"href":"https:\/\/www.fundacionmanantial.org\/en\/wp-json\/wp\/v2\/tags?post=10039"}],"curies":[{"name":"wp","href":"https:\/\/api.w.org\/{rel}","templated":true}]}}